{"id":3168,"date":"2026-01-02T18:36:00","date_gmt":"2026-01-02T18:36:00","guid":{"rendered":"https:\/\/travelplanner.ro\/blog\/?p=3168"},"modified":"2026-01-23T07:20:03","modified_gmt":"2026-01-23T07:20:03","slug":"cum-implicam-copiii-in-alegerea-vacantelor","status":"publish","type":"post","link":"https:\/\/travelplanner.ro\/blog\/cum-implicam-copiii-in-alegerea-vacantelor\/","title":{"rendered":"Cum ii implicam pe copii in alegerea vacantelor? 8 sfaturi practice"},"content":{"rendered":"\n<p>Vacan\u021bele sunt ocazii excelente pentru a petrece timp \u00eempreun\u0103 cu cei dragi, pentru a planifica activit\u0103\u021bi de neuitat sau chiar pentru a va odihni pe \u0219ezloange la plaj\u0103. O aventura sau o expedi\u021bie, relaxare sau adrenalina, vacan\u021ba \u00een familie este un moment de conectare, \u00een care ve\u021bi construi amintiri de neuitat.&nbsp;<\/p>\n\n\n\n<p>Mari sau mici, to\u021bi membrii familiei au preferin\u021be atunci c\u00e2nd vine vorba despre destina\u021bii \u0219i activit\u0103\u021bile planificate. Pentru ca toat\u0103 lumea s\u0103 fie \u00eenc\u00e2ntat\u0103 de alegerea f\u0103cut\u0103, este bine s\u0103 \u00eencepe\u021bi s\u0103 face\u021bi planuri c\u00e2t mai devreme. Imagina\u021bi-v\u0103 ce locuri ve\u021bi vizita \u00een urm\u0103toarea c\u0103l\u0103torie \u0219i povesti\u021bi cu to\u021bii despre asta.&nbsp;<\/p>\n\n\n\n<div id=\"ad-block_e59d4b1fcef1f6bd64559b605fd66715\" class=\"ad ad-inner ad-default paragraf-tip col-xs-12\">\n\t<div class=\"ad-content col-xs-12\">\n\t\t<p>\u201dLegendele Olimpului\u201d cu siguran\u021ba \u00eei vor face pe copii sa \u00ee\u0219i doreasc\u0103 o <a href=\"https:\/\/travelplanner.ro\/vacante-grecia\">vacanta in Grecia<\/a>, s\u0103 vad\u0103 cu ochii lor locul unde s-au n\u0103scut zeii \u0219i eroii din\u00a0 mitologia greac\u0103.\u00a0Iar dac\u0103 ve\u021bi citi \u00eempreun\u0103 o carte de istorie despre Regina Elena a Rom\u00e2niei, negre\u0219it ve\u021bi pune pe lista scurta o <a href=\"https:\/\/travelplanner.ro\/vacante-litoral-bulgaria\">vacan\u021ba \u00een Bulgaria<\/a>, pentru a vizita faimoasa gr\u0103din\u0103 botanic\u0103 de la Balcic.<\/p>\n\t\t\n\t\t\t\t\n\t\t\t<\/div>\n<\/div>\n\n<style type=\"text\/css\">\n\/* Ad tp *\/\n.ad-inner {\n    background-color: #EDEDEB;\n    padding: 15px 20px 5px 20px;\n}\n.ad-inner.paragraf-tip {\n    background-color: #fdfccb;\n    border-radius: 15px;\n}\n.ad-inner.ad-featured {\n\tborder-top: 4px solid #E4BA28;\n}\n.ad-content p {\n    margin-top: 0 !important;\n}\n.ad-content h1, \n.ad-content h2, \n.ad-content h3, \n.ad-content h4, \n.ad-content h5 {\n    margin-top: 0;\n    margin-bottom: 15px;\n    font-size: 18px;\n    font-weight: bold;\n    color: #000;\n}\n.ad-content ul, \n.ad-content ol {\n    margin-top: 15px;\n    margin-bottom: 15px;\n}\n.ad-inner {\n    margin-bottom: 25px;\n}\n.ad-buttons {\n    text-align: center;\n\tmargin-bottom: 15px;\n\tmargin-top: 10px;\n\t\n}\n\t.paragraf-tip .ad-button:hover {\n\t\tbackground:#1F2159;\n\t\tborder-color:#1F2159;\n\t\tcolor: #fff;\n\t}\n\t\n.paragraf-tip .ad-button {\n    background: #1F2159;\n\tfont-weight: 700 !important;\n    color: #fff;\n    padding: 9px 20px;\n    display: inline-block;\n    margin: 0px 8px;\n    font-weight: 500;\n    border-radius: 7px;\n    border: 1px solid #1F2159;\n    text-decoration: none !important;\n}\n.ad-button {\n    background: #e4bb28;\n\tfont-weight: 700 !important;\n    color: #000;\n    padding: 9px 20px;\n    display: inline-block;\n    margin: 0px 8px;\n    font-weight: 500;\n    border: 1px solid #e4bb28;\n    text-decoration: none !important;\n}\n.cta-btn {\n    padding-top: 12px;\n}\n.hotels-lista .hotel {\n\tmax-width: 230px;\n\twidth: 100%;\n}\n.cta-btn .ad-button {\n    padding: 6px 13px;\n\tmargin: 0;\n\ttext-align:center;\n}\n@media(max-width:495px) {\n\tbody .ad-button {\n\t\tfont-size: 18px !important;\n\t\twidth: 100%;\n\t\tmargin: 0;\n\t}\n}\n<\/style>\n\n\n\n<ol class=\"wp-block-list\">\n<li><strong>Alege\u021bi destina\u021biile preferate<\/strong><\/li>\n<\/ol>\n\n\n\n<p>Dac\u0103 ave\u021bi copii mici care nu sunt \u00een m\u0103sur\u0103 s\u0103 \u00ee\u0219i exprime preferin\u021bele pentru o anumit\u0103 destina\u021bie, le pute\u021bi oferi c\u00e2teva posibilit\u0103\u021bi din care s\u0103 aleag\u0103. Mare sau munte, plaj\u0103 sau p\u0103dure, piscin\u0103 sau drume\u021bii. Le va fi u\u0219or s\u0103 se decid\u0103 ce \u00ee\u0219i doresc cel mai mult a\u0219a c\u0103 ve\u021bi putea lua o decizie \u00eempreun\u0103.&nbsp;<\/p>\n\n\n\n<p>Dac\u0103 ave\u021bi copii mai mari ca v\u00e2rst\u0103, deja discu\u021biile vor fi pu\u021bin mai elaborate. Ar trebui s\u0103 \u00eentreba\u021bi fiecare membru al familiei, ce a\u0219tept\u0103ri are de la urm\u0103toarea vacan\u021b\u0103. Dup\u0103 ce ave\u021bi o list\u0103 destul de mare din care s\u0103 pute\u021bi alege o destina\u021bie, stabili\u021bi care sunt interesele voastre comune. V\u0103 place s\u0103 merge\u021bi \u00eempreun\u0103 \u00een drume\u021bii, s\u0103 \u00eenota\u021bi sau s\u0103 vizita\u021bi muzee?<\/p>\n\n\n\n<ol class=\"wp-block-list\" start=\"2\">\n<li><strong>C\u0103uta\u021bi cazarea potrivit\u0103<\/strong><\/li>\n<\/ol>\n\n\n\n<p>O vacan\u021b\u0103 reu\u0219it\u0103 al\u0103turi de copii presupune existen\u021ba condi\u021biilor necesare pentru to\u021bi membrii familiei. Pentru c\u0103 \u00een\u021belegem importan\u021ba unor paturi suplimentare pentru copii, \u00een camer\u0103 sau posibilitatea de a putea alege un duplex sau un apartament, la Travel Planner colabor\u0103m doar cu hoteluri care au incluse aceste servicii. Un copil fericit are nevoie s\u0103 se odihneasc\u0103 \u00een vacan\u021b\u0103, at\u00e2t noaptea dar \u0219i la pr\u00e2nz. Majoritatea ofertelor pe care le oferim pentru familiile cu copii, includ caz\u0103ri \u00een hoteluri sau chiar sta\u021biuni \u00een care sunt respectate orele de somn \u0219i care sunt vizitate anual de clien\u021bii no\u0219tri.&nbsp;<\/p>\n\n\n\n<p>Toate camere sunt dotate cu minifrigider \u0219i fierb\u0103tor pentru a putea p\u0103stra gust\u0103rile celor mici \u00een condi\u021bii optime \u0219i pentru a le putea \u00eenc\u0103lzi laptele sau a le prepara un ceai atunci c\u00e2nd \u00ee\u0219i doresc.<\/p>\n\n\n\n<p>V\u0103 recomand\u0103m vacantele all inclusive deoarece nu va trebui s\u0103 v\u0103 face\u021bi niciun fel de griji referitor la necesitatea unei mici buc\u0103t\u0103rii \u00een camer\u0103. Cu aceste pachete ve\u021bi avea \u00een permanen\u021b\u0103 la dispozi\u021bie feluri principale sau gust\u0103ri pentru copii.&nbsp;<\/p>\n\n\n\n<div id=\"ad-block_da985576ca78159f76803cd80e7e3c59\" class=\"ad ad-inner ad-default hoteluri-tip row\">\n\t<div class=\"ad-content col-xs-12\">\n\t\t\t\t\n\t\t\t\t\t\t\t<div class=\"hotels hotels-lista row\"><div class=\"item-hotel col-md-4 col-sm-6 col-xs-6 \"><div class=\"hotel\"><a href=\"https:\/\/travelplanner.ro\/hotel-grifid-noa-nisipurile-de-aur-bulgaria\" class=\"hotel-link\"><div class=\"hotel-image\"><figure><img loading=\"lazy\" decoding=\"async\" width=\"210\" height=\"230\" alt=\"Hotel GRIFID Noa\" class=\"img-responsive b-lazy\" src=\"https:\/\/travelplanner.ro\/blog\/wp-content\/uploads\/2021\/11\/placeholder-210x230-1.jpg\" data-src=\"https:\/\/media.travelplanner.ro\/v24\/2715\/210x230_hotel_grifid_noa_nisipurile_de_aur_bulgaria_53731.jpg\"><\/figure><\/div><div class=\"hotel-info\"><div class=\"hotel-name\">Hotel GRIFID Noa<\/div><div class=\"hotel-info-2\"><div class=\"discount\"><span class=\"amount show\">35<sup>%<\/sup><\/span><\/div><span class=\"interval\"><span class=\"valred\">35%<\/span> intre 16.04 &#8211; 30.04<\/span><\/div><div class=\"hotel-expiry\"><i class=\"far fa-clock\"><\/i><span class=\"hotel-expiry-date\">Expira: 30.04<\/span><\/div><div class=\"clearfix\"><\/div><div class=\"cta-btn hidden\"><a class=\"ad-button\" href=\"https:\/\/travelplanner.ro\/hotel-grifid-noa-nisipurile-de-aur-bulgaria\">Vezi detalii<\/a><\/div><div class=\"clearfix\"><\/div><div class=\"cta-btn hidden-md hidden-lg\"><a class=\"ad-button\" href=\"https:\/\/travelplanner.ro\/hotel-grifid-noa-nisipurile-de-aur-bulgaria\">Detalii \/ Rezervari<\/a><\/div><\/div><\/a><\/div><\/div><div class=\"item-hotel col-md-4 col-sm-6 col-xs-6 \"><div class=\"hotel\"><a href=\"https:\/\/travelplanner.ro\/hotel-grifid-sentido-marea-nisipurile-de-aur-bulgaria\" class=\"hotel-link\"><div class=\"hotel-image\"><figure><img loading=\"lazy\" decoding=\"async\" width=\"210\" height=\"230\" alt=\"Hotel GRIFID Sentido Marea\" class=\"img-responsive b-lazy\" src=\"https:\/\/travelplanner.ro\/blog\/wp-content\/uploads\/2021\/11\/placeholder-210x230-1.jpg\" data-src=\"https:\/\/media.travelplanner.ro\/v24\/1682\/210x230_nisipurile_de_aur_hotel_grifid_sentido_marea_bulgaria_1749.jpg\"><\/figure><\/div><div class=\"hotel-info\"><div class=\"hotel-name\">Hotel GRIFID Sentido Marea<\/div><div class=\"hotel-info-2\"><div class=\"discount\"><span class=\"amount show\">30<sup>%<\/sup><\/span><\/div><span class=\"interval\"><span class=\"valred\">30%<\/span> intre 16.04 &#8211; 30.04<\/span><\/div><div class=\"hotel-expiry\"><i class=\"far fa-clock\"><\/i><span class=\"hotel-expiry-date\">Expira: 30.04<\/span><\/div><div class=\"clearfix\"><\/div><div class=\"cta-btn hidden\"><a class=\"ad-button\" href=\"https:\/\/travelplanner.ro\/hotel-grifid-sentido-marea-nisipurile-de-aur-bulgaria\">Vezi detalii<\/a><\/div><div class=\"clearfix\"><\/div><div class=\"cta-btn hidden-md hidden-lg\"><a class=\"ad-button\" href=\"https:\/\/travelplanner.ro\/hotel-grifid-sentido-marea-nisipurile-de-aur-bulgaria\">Detalii \/ Rezervari<\/a><\/div><\/div><\/a><\/div><\/div><div class=\"clearfix hidden-md hidden-lg\"><\/div><div class=\"item-hotel col-md-4 col-sm-6 col-xs-6 \"><div class=\"hotel\"><a href=\"https:\/\/travelplanner.ro\/hotel-melia-grand-hermitage-nisipurile-de-aur-bulgaria\" class=\"hotel-link\"><div class=\"hotel-image\"><figure><img loading=\"lazy\" decoding=\"async\" width=\"210\" height=\"230\" alt=\"Hotel Melia Grand Hermitage\" class=\"img-responsive b-lazy\" src=\"https:\/\/travelplanner.ro\/blog\/wp-content\/uploads\/2021\/11\/placeholder-210x230-1.jpg\" data-src=\"https:\/\/media.travelplanner.ro\/v24\/16\/210x230_hotel_melia_grand_hermitage_nisipurile_de_aur_bulgaria_9778.jpg\"><\/figure><\/div><div class=\"hotel-info\"><div class=\"hotel-name\">Hotel Melia Grand Hermitage<\/div><div class=\"hotel-info-2\"><div class=\"discount\"><span class=\"amount show\">15<sup>%<\/sup><\/span><\/div><span class=\"interval\"><span class=\"valred\">15%<\/span> intre 17.04 &#8211; 07.05<\/span><\/div><div class=\"hotel-expiry\"><i class=\"far fa-clock\"><\/i><span class=\"hotel-expiry-date\">Expira: 07.05<\/span><\/div><div class=\"clearfix\"><\/div><div class=\"cta-btn hidden\"><a class=\"ad-button\" href=\"https:\/\/travelplanner.ro\/hotel-melia-grand-hermitage-nisipurile-de-aur-bulgaria\">Vezi detalii<\/a><\/div><div class=\"clearfix\"><\/div><div class=\"cta-btn hidden-md hidden-lg\"><a class=\"ad-button\" href=\"https:\/\/travelplanner.ro\/hotel-melia-grand-hermitage-nisipurile-de-aur-bulgaria\">Detalii \/ Rezervari<\/a><\/div><\/div><\/a><\/div><\/div><div class=\"clearfix hidden-sm hidden-xs\"><\/div><div class=\"item-hotel col-md-4 col-sm-6 col-xs-6 hidden-md hidden-lg\"><div class=\"hotel\"><a href=\"https:\/\/travelplanner.ro\/hotel-grifid-encanto-beach-medispa-nisipurile-de-aur-bulgaria\" class=\"hotel-link\"><div class=\"hotel-image\"><figure><img loading=\"lazy\" decoding=\"async\" width=\"210\" height=\"230\" alt=\"Hotel GRIFID Encanto Beach MediSpa\" class=\"img-responsive b-lazy\" src=\"https:\/\/travelplanner.ro\/blog\/wp-content\/uploads\/2021\/11\/placeholder-210x230-1.jpg\" data-src=\"https:\/\/media.travelplanner.ro\/v24\/1578\/210x230_hotel_grifid_encanto_beach_medispa_nisipurile_de_aur_bulgaria_1555.jpg\"><\/figure><\/div><div class=\"hotel-info\"><div class=\"hotel-name\">Hotel GRIFID Encanto Beach MediSpa<\/div><div class=\"hotel-info-2\"><div class=\"discount\"><span class=\"amount show\">40<sup>%<\/sup><\/span><\/div><span class=\"interval\"><span class=\"valred\">40%<\/span> intre 16.04 &#8211; 30.04<\/span><\/div><div class=\"hotel-expiry\"><i class=\"far fa-clock\"><\/i><span class=\"hotel-expiry-date\">Expira: 30.04<\/span><\/div><div class=\"clearfix\"><\/div><div class=\"cta-btn hidden\"><a class=\"ad-button\" href=\"https:\/\/travelplanner.ro\/hotel-grifid-encanto-beach-medispa-nisipurile-de-aur-bulgaria\">Vezi detalii<\/a><\/div><div class=\"clearfix\"><\/div><div class=\"cta-btn hidden-md hidden-lg\"><a class=\"ad-button\" href=\"https:\/\/travelplanner.ro\/hotel-grifid-encanto-beach-medispa-nisipurile-de-aur-bulgaria\">Detalii \/ Rezervari<\/a><\/div><\/div><\/a><\/div><\/div><div class=\"clearfix hidden-md hidden-lg\"><\/div><\/div>\t\t\t\t\t\t\n\t\t\t\t<div class=\"ad-buttons btn-inline\">\n\t\t\t\t\t\t\t\t\t<a href=\"https:\/\/travelplanner.ro\/hoteluri-all-inclusive-bulgaria\" class=\"ad-button ad-button-content\" onclick=\"gtag('event', 'blog_cta_continut_tip_hoteluri', {'event_category': 'Blog'});\">Cazare All Inclusive litoral Bulgaria <\/a>\n\t\t\t\t\t\t\n\t\t\t\t\t<\/div>\n\t\t\t<\/div>\n<\/div>\n\n<style type=\"text\/css\">\n\/* Ad tp *\/\n.ad-inner {\n    background-color: #EDEDEB;\n    padding: 15px 20px 5px 20px;\n}\n.ad-inner.paragraf-tip {\n    background-color: #fdfccb;\n    border-radius: 15px;\n}\n.ad-inner.ad-featured {\n\tborder-top: 4px solid #E4BA28;\n}\n.ad-content p {\n    margin-top: 0 !important;\n}\n.ad-content h1, \n.ad-content h2, \n.ad-content h3, \n.ad-content h4, \n.ad-content h5 {\n    margin-top: 0;\n    margin-bottom: 15px;\n    font-size: 18px;\n    font-weight: bold;\n    color: #000;\n}\n.ad-content ul, \n.ad-content ol {\n    margin-top: 15px;\n    margin-bottom: 15px;\n}\n.ad-inner {\n    margin-bottom: 25px;\n}\n.ad-buttons {\n    text-align: center;\n\tmargin-bottom: 15px;\n\tmargin-top: 10px;\n\t\n}\n\t.paragraf-tip .ad-button:hover {\n\t\tbackground:#1F2159;\n\t\tborder-color:#1F2159;\n\t\tcolor: #fff;\n\t}\n\t\n.paragraf-tip .ad-button {\n    background: #1F2159;\n\tfont-weight: 700 !important;\n    color: #fff;\n    padding: 9px 20px;\n    display: inline-block;\n    margin: 0px 8px;\n    font-weight: 500;\n    border-radius: 7px;\n    border: 1px solid #1F2159;\n    text-decoration: none !important;\n}\n.ad-button {\n    background: #e4bb28;\n\tfont-weight: 700 !important;\n    color: #000;\n    padding: 9px 20px;\n    display: inline-block;\n    margin: 0px 8px;\n    font-weight: 500;\n    border: 1px solid #e4bb28;\n    text-decoration: none !important;\n}\n.cta-btn {\n    padding-top: 12px;\n}\n.hotels-lista .hotel {\n\tmax-width: 230px;\n\twidth: 100%;\n}\n.cta-btn .ad-button {\n    padding: 6px 13px;\n\tmargin: 0;\n\ttext-align:center;\n}\n@media(max-width:495px) {\n\tbody .ad-button {\n\t\tfont-size: 18px !important;\n\t\twidth: 100%;\n\t\tmargin: 0;\n\t}\n}\n<\/style>\n\n\n\n<figure class=\"wp-block-image size-large\"><img loading=\"lazy\" decoding=\"async\" width=\"1000\" height=\"667\" src=\"https:\/\/travelplanner.ro\/blog\/wp-content\/uploads\/2021\/04\/meniu-copii.jpg\" alt=\"\" class=\"wp-image-3368\" srcset=\"https:\/\/travelplanner.ro\/blog\/wp-content\/uploads\/2021\/04\/meniu-copii.jpg 1000w, https:\/\/travelplanner.ro\/blog\/wp-content\/uploads\/2021\/04\/meniu-copii-300x200.jpg 300w, https:\/\/travelplanner.ro\/blog\/wp-content\/uploads\/2021\/04\/meniu-copii-768x512.jpg 768w\" sizes=\"auto, (max-width: 1000px) 100vw, 1000px\" \/><\/figure>\n\n\n\n<ol class=\"wp-block-list\" start=\"3\">\n<li><strong>Stabili\u021bi meniul<\/strong><\/li>\n<\/ol>\n\n\n\n<p>Dac\u0103 a\u021bi ales o variant\u0103 de cazare (ultra) all inclusiv, nu va trebui s\u0103 v\u0103 face\u021bi niciun fel de griji referitor la mas\u0103. Cu siguran\u021b\u0103, cei mici vor g\u0103si mai multe feluri de m\u00e2ncare pe care s\u0103 le devoreze cu poft\u0103. Oric\u00e2t de mofturo\u0219i ar fi, dup\u0103 o zi plin\u0103 de activit\u0103\u021bi, se vor bucura de o felie de pizza, o friptur\u0103 cu salat\u0103 sau un desert dulce. Chiar dac\u0103 ve\u021bi avea tot timpul m\u00e2ncare la dispozi\u021bie, ideal ar fi ca cel pu\u021bin de dou\u0103 ori s\u0103 merge\u021bi s\u0103 lua\u021bi masa \u00een afara loca\u021biei \u00een care sunte\u021bi caza\u021bi. Ve\u021bi avea parte de o experien\u021b\u0103 deosebit\u0103, mai apropiat\u0103 de energia locului \u00een care v\u0103 afla\u021bi.&nbsp;<\/p>\n\n\n\n<p>Dac\u0103 a\u021bi ales o cazare care nu ofer\u0103 \u0219i op\u021biunea de mas\u0103 inclus\u0103, atunci nu v\u0103 r\u0103m\u00e2ne dec\u00e2t s\u0103 c\u0103uta\u021bi loca\u021bii apropiate unde mancarea este apreciat\u0103 de turi\u0219ti. Pute\u021bi stabili \u00eempreun\u0103 dac\u0103 alege\u021bi o anumit\u0103 buc\u0103t\u0103rie interna\u021bional\u0103 (mexican\u0103, chinezeasc\u0103, italian\u0103) sau dac\u0103 ve\u021bi \u00eencerca restaurantele tradi\u021bionale, care servesc preparate cu specificul zonei.&nbsp;<\/p>\n\n\n\n<p>Copiii vor avea un cuv\u00e2nt foarte greu \u00een luarea acestei decizii. Orice p\u0103rinte \u0219tie c\u0103 vacan\u021ba nu este cel mai potrivit moment s\u0103 \u00eencerci meniuri noi, a\u0219a c\u0103 cel mai indicat este s\u0103 merge\u021bi pe m\u00e2ncarea preferat\u0103 de cei mici. Dac\u0103 vor fast food, pute\u021bi s\u0103 face\u021bi o excep\u021bie \u00een concediu. Iar dac\u0103 \u00ee\u0219i doresc pizza sau paste, va trebui s\u0103 le face\u021bi pe plac pentru a evita momente tensionate care v\u0103 pot distruge concediul.<\/p>\n\n\n\n<p>4. <strong>Stabili\u021bi bugetul disponibil<\/strong><\/p>\n\n\n\n<p>Destina\u021bia de vacan\u021b\u0103 este direct legat\u0103 de bugetul pe care \u00eel ave\u021bi disponibil. \u00cen func\u021bie de acest detaliu pute\u021bi restr\u00e2nge lista cu variantele pe care le-a\u021bi stabilit deja. Le pute\u021bi explica celor mici care sunt diferen\u021bele dintre o vacan\u021b\u0103 scump\u0103 \u0219i una cu un pre\u021b rezonabil. Vor \u00een\u021belege c\u00e2t de important este s\u0103 planifici totul din timp \u0219i s\u0103 organizezi un buget necesar pentru acoperirea tuturor cheltuielilor.&nbsp;<\/p>\n\n\n\n<p>Secretul vacan\u021belor care nu vor goli bugetul personal, este s\u0103 fie planificate din timp. Pe site-ul nostru pute\u021bi g\u0103si nenum\u0103rate oferte care v\u0103 garanteaz\u0103 anularea gratuit\u0103, indiferent de motiv. <\/p>\n\n\n\n<div id=\"ad-block_04311dc34566de76ac0992aedfb81527\" class=\"ad ad-inner ad-default paragraf-tip col-xs-12\">\n\t<div class=\"ad-content col-xs-12\">\n\t\t<p>Dac\u0103 nu ave\u021bi confirmarea cert\u0103 pentru perioada de concedii de la birou ori dac\u0103 ave\u021bi alte motive imprevizibile care v\u0103 pot da planurile peste cap, <a href=\"https:\/\/travelplanner.ro\/\">Travel Planner<\/a> v\u0103 pune la dispozi\u021bie posibilitatea de a reprograma oric\u00e2nd vacan\u021ba pe care v-o dori\u021bi.<\/p>\n\t\t\n\t\t\t\t\n\t\t\t<\/div>\n<\/div>\n\n<style type=\"text\/css\">\n\/* Ad tp *\/\n.ad-inner {\n    background-color: #EDEDEB;\n    padding: 15px 20px 5px 20px;\n}\n.ad-inner.paragraf-tip {\n    background-color: #fdfccb;\n    border-radius: 15px;\n}\n.ad-inner.ad-featured {\n\tborder-top: 4px solid #E4BA28;\n}\n.ad-content p {\n    margin-top: 0 !important;\n}\n.ad-content h1, \n.ad-content h2, \n.ad-content h3, \n.ad-content h4, \n.ad-content h5 {\n    margin-top: 0;\n    margin-bottom: 15px;\n    font-size: 18px;\n    font-weight: bold;\n    color: #000;\n}\n.ad-content ul, \n.ad-content ol {\n    margin-top: 15px;\n    margin-bottom: 15px;\n}\n.ad-inner {\n    margin-bottom: 25px;\n}\n.ad-buttons {\n    text-align: center;\n\tmargin-bottom: 15px;\n\tmargin-top: 10px;\n\t\n}\n\t.paragraf-tip .ad-button:hover {\n\t\tbackground:#1F2159;\n\t\tborder-color:#1F2159;\n\t\tcolor: #fff;\n\t}\n\t\n.paragraf-tip .ad-button {\n    background: #1F2159;\n\tfont-weight: 700 !important;\n    color: #fff;\n    padding: 9px 20px;\n    display: inline-block;\n    margin: 0px 8px;\n    font-weight: 500;\n    border-radius: 7px;\n    border: 1px solid #1F2159;\n    text-decoration: none !important;\n}\n.ad-button {\n    background: #e4bb28;\n\tfont-weight: 700 !important;\n    color: #000;\n    padding: 9px 20px;\n    display: inline-block;\n    margin: 0px 8px;\n    font-weight: 500;\n    border: 1px solid #e4bb28;\n    text-decoration: none !important;\n}\n.cta-btn {\n    padding-top: 12px;\n}\n.hotels-lista .hotel {\n\tmax-width: 230px;\n\twidth: 100%;\n}\n.cta-btn .ad-button {\n    padding: 6px 13px;\n\tmargin: 0;\n\ttext-align:center;\n}\n@media(max-width:495px) {\n\tbody .ad-button {\n\t\tfont-size: 18px !important;\n\t\twidth: 100%;\n\t\tmargin: 0;\n\t}\n}\n<\/style>\n\n\n\n<figure class=\"wp-block-image size-large\"><img loading=\"lazy\" decoding=\"async\" width=\"1000\" height=\"667\" src=\"https:\/\/travelplanner.ro\/blog\/wp-content\/uploads\/2021\/04\/copil-economiseste-bani.jpg\" alt=\"\" class=\"wp-image-3366\" srcset=\"https:\/\/travelplanner.ro\/blog\/wp-content\/uploads\/2021\/04\/copil-economiseste-bani.jpg 1000w, https:\/\/travelplanner.ro\/blog\/wp-content\/uploads\/2021\/04\/copil-economiseste-bani-300x200.jpg 300w, https:\/\/travelplanner.ro\/blog\/wp-content\/uploads\/2021\/04\/copil-economiseste-bani-768x512.jpg 768w\" sizes=\"auto, (max-width: 1000px) 100vw, 1000px\" \/><\/figure>\n\n\n\n<ol class=\"wp-block-list\" start=\"5\">\n<li><strong>\u00cencepe\u021bi s\u0103 str\u00e2nge\u021bi bani<\/strong><\/li>\n<\/ol>\n\n\n\n<p>Este una dintre activit\u0103\u021bile \u00een care cei mici trebuiesc neap\u0103rat inclu\u0219i. Dac\u0103 nu au deja o pu\u0219culi\u021b\u0103, acum este momentul s\u0103 o inaugureze \u0219i s\u0103 pun\u0103 \u00een ea fiecare b\u0103nu\u021b pe care \u00eel au. Chiar dac\u0103 suma pe care o vor avea la final nu va fi una mare, vor fi entuziasma\u021bi s\u0103 aib\u0103 \u201dbanii lor\u201d \u00een vacan\u021b\u0103, pe care s\u0103-i cheltuiasc\u0103 a\u0219a cum \u00ee\u0219i doresc. Pot cump\u0103ra un suvenir pe care s\u0103-l p\u0103streze \u00een cutia cu amintiri sau \u00ee\u0219i pot cump\u0103ra singuri o \u00eenghe\u021bat\u0103 atunci c\u00e2nd \u201dp\u0103rin\u021bii nu au bani\u201d. Umplerea pu\u0219culi\u021bei este un proiect care \u00eei va ajuta mult \u00een via\u021b\u0103, \u00een special pentru a \u00een\u021belege ideea \u201dca fiecare lac este format din multe pic\u0103turi\u201d.<\/p>\n\n\n\n<ol class=\"wp-block-list\" start=\"6\">\n<li><strong>Face\u021bi o list\u0103 de activit\u0103\u021bi zilnice<\/strong><\/li>\n<\/ol>\n\n\n\n<p>Programul zilnic este unul dintre secretele unei vacan\u021be reu\u0219ite. Copiii sunt \u00een general obi\u0219nui\u021bi s\u0103 aib\u0103 un program, ei au nevoie s\u0103 \u0219tie c\u00e2nd e ora de somn, c\u00e2nd e ora de mas\u0103 \u0219i c\u00e2nd e ora de joac\u0103. \u00cen func\u021bie de asta, pute\u021bi stabili \u00eempreun\u0103 loca\u021biile \u00een care ve\u021bi merge \u0219i obiectivele pe care le ve\u021bi vizita.&nbsp;<\/p>\n\n\n\n<p>Dac\u0103 a\u021bi ales un resort unde ve\u021bi sta pe toat\u0103 perioada vacan\u021bei, cu siguran\u021b\u0103 c\u0103 a\u021bi primit deja programul locurilor de joac\u0103 \u0219i al evenimentelor programate. Dac\u0103 celor mici le place un anumit personaj care va fi invitat \u00een loca\u021bie sau dac\u0103 s-a anun\u021bat proiec\u021bia unui film care le place foarte mult, atunci programul \u00eentregii familii se va stabili \u00een func\u021bie de evenimentele respective.&nbsp;<\/p>\n\n\n\n\n<div id=\"ad-block_6dcedeead722b9a92474b61ffda6dcdd\" class=\"ad ad-inner ad-default paragraf-tip col-xs-12\">\n\t<div class=\"ad-content col-xs-12\">\n\t\tScap\u0103 de-o grij\u0103 \u0219i rezerv\u0103 acum vacan\u021ba ta \u00een Bulgaria cu doar 10% avans!\r\n\r\n&nbsp;\t\t\n\t\t\t\n\t\t\t\t<div class=\"ad-buttons btn-inline\">\n\t\t\t\t\t\t\t\t\t<a href=\"https:\/\/travelplanner.ro\/oferte-earlybooking-aprilie-bulgaria.html\" class=\"ad-button ad-button-content\" onclick=\"gtag('event', 'blog_cta_continut_tip_paragraf', {'event_category': 'Blog'});\">Oferte early booking Bulgaria <\/a>\n\t\t\t\n\t\t\t\t\t<\/div>\n\t\t\t\t\n\t<\/div>\n<\/div>\n\n\n<style type=\"text\/css\">\n\/* Ad tp *\/\n.ad-inner {\n    background-color: #EDEDEB;\n    padding: 15px 20px 5px 20px;\n}\n.ad-inner.paragraf-tip {\n    background-color: #fdfccb;\n    border-radius: 15px;\n}\n.ad-inner.ad-featured {\n\tborder-top: 4px solid #E4BA28;\n}\n.ad-content p {\n    margin-top: 0 !important;\n}\n.ad-content h1, \n.ad-content h2, \n.ad-content h3, \n.ad-content h4, \n.ad-content h5 {\n    margin-top: 0;\n    margin-bottom: 15px;\n    font-size: 18px;\n    font-weight: bold;\n    color: #000;\n}\n.ad-content ul, \n.ad-content ol {\n    margin-top: 15px;\n    margin-bottom: 15px;\n}\n.ad-inner {\n    margin-bottom: 25px;\n}\n.ad-buttons {\n    text-align: center;\n\tmargin-bottom: 15px;\n\tmargin-top: 10px;\n\t\n}\n\t.paragraf-tip .ad-button:hover {\n\t\tbackground:#1F2159;\n\t\tborder-color:#1F2159;\n\t\tcolor: #fff;\n\t}\n\t\n.paragraf-tip .ad-button {\n    background: #1F2159;\n\tfont-weight: 700 !important;\n    color: #fff;\n    padding: 9px 20px;\n    display: inline-block;\n    margin: 0px 8px;\n    font-weight: 500;\n    border-radius: 7px;\n    border: 1px solid #1F2159;\n    text-decoration: none !important;\n}\n.ad-button {\n    background: #e4bb28;\n\tfont-weight: 700 !important;\n    color: #000;\n    padding: 9px 20px;\n    display: inline-block;\n    margin: 0px 8px;\n    font-weight: 500;\n    border: 1px solid #e4bb28;\n    text-decoration: none !important;\n}\n.cta-btn {\n    padding-top: 12px;\n}\n.hotels-lista .hotel {\n\tmax-width: 230px;\n\twidth: 100%;\n}\n.cta-btn .ad-button {\n    padding: 6px 13px;\n\tmargin: 0;\n\ttext-align:center;\n}\n@media(max-width:495px) {\n\tbody .ad-button {\n\t\tfont-size: 18px !important;\n\t\twidth: 100%;\n\t\tmargin: 0;\n\t}\n}\n<\/style>\n\n\n\n<figure class=\"wp-block-image size-large\"><img loading=\"lazy\" decoding=\"async\" width=\"1000\" height=\"665\" src=\"https:\/\/travelplanner.ro\/blog\/wp-content\/uploads\/2021\/04\/copii-planifica-vacantele.jpg\" alt=\"\" class=\"wp-image-3367\" srcset=\"https:\/\/travelplanner.ro\/blog\/wp-content\/uploads\/2021\/04\/copii-planifica-vacantele.jpg 1000w, https:\/\/travelplanner.ro\/blog\/wp-content\/uploads\/2021\/04\/copii-planifica-vacantele-300x200.jpg 300w, https:\/\/travelplanner.ro\/blog\/wp-content\/uploads\/2021\/04\/copii-planifica-vacantele-768x511.jpg 768w\" sizes=\"auto, (max-width: 1000px) 100vw, 1000px\" \/><\/figure>\n\n\n\n<ol class=\"wp-block-list\" start=\"7\">\n<li><strong>Organiza\u021bi drumul p\u00e2n\u0103 la destina\u021bie<\/strong><\/li>\n<\/ol>\n\n\n\n<p>\u00cen func\u021bie de v\u00e2rsta copiilor pute\u021bi alege un mijloc de transport care s\u0103 v\u0103 duc\u0103 mai repede sau mai \u00eencet p\u00e2n\u0103 la destina\u021bie.&nbsp;<\/p>\n\n\n\n<p>Pentru distan\u021bele lungi, care ar dura mult cu ma\u0219ina, cel mai bine este s\u0103 alege\u021bi avionul. \u00cen doar c\u00e2teva ore ve\u021bi ajunge \u00een vacan\u021ba mult visat\u0103 iar copiii vor fi \u00eenc\u0103 fascina\u021bi de drum. Dac\u0103 nu au mai zburat cu avionul, va trebui s\u0103 le povesti\u021bi care sunt procedurile, \u00een ce const\u0103 controlul la aeroport \u0219i de ce vame\u0219ii sunt at\u00e2t de serio\u0219i. Este important ca cei mici s\u0103 cunoasc\u0103 aceste detalii care, altfel, i-ar putea speria. Apoi, va trebui s\u0103 discuta\u021bi despre zborul propriu-zis, despre faptul c\u0103 vor trebui s\u0103 poarte centura \u0219i s\u0103 stea lini\u0219ti\u021bi pe scaun, pe toat\u0103 durata zborului.<\/p>\n\n\n\n<p>Dac\u0103 ave\u021bi copii mai mari, care pot rezista \u00een ma\u0219in\u0103 chiar \u0219i pentru un drum de 8 &#8211; 12 ore, atunci pute\u021bi alege acest mijloc de transport preferat de cei care vor s\u0103 se bucure \u0219i de toate atrac\u021biile turistice \u00eent\u00e2lnite pe drum. Pute\u021bi alege traseul astfel \u00eenc\u00e2t s\u0103 face\u021bi pauzele pentru sandvi\u0219 \u00een zone turistice unde ave\u021bi ce vizita. Cei mici se pot dezmor\u021bi dup\u0103 at\u00e2tea ore petrecute \u00een scaunul de ma\u0219in\u0103 sau pot alerga pentru a-\u0219i consuma energia. C\u00e2nd ve\u021bi relua drumul, poate \u00eei va ajunge oboseala \u0219i vor trage un pui de somn.&nbsp;<\/p>\n\n\n\n<ol class=\"wp-block-list\" start=\"8\">\n<li><strong>Apuca\u021bi-v\u0103 de bagaje<\/strong><\/li>\n<\/ol>\n\n\n\n<p>Deja v\u0103 apropia\u021bi de momentul mult a\u0219teptat al plec\u0103rii \u00een vacan\u021b\u0103. Va trebui s\u0103 face\u021bi fiecare o list\u0103 de bagaje, iar copiii, \u00een func\u021bie de v\u00e2rsta pe care o au trebuiesc implica\u021bi c\u00e2t mai mult. L\u0103sa\u021bi-i s\u0103-\u0219i aleag\u0103 ei hainele, \u00eenc\u0103l\u021b\u0103rile \u0219i juc\u0103riile pe care le vor s\u0103 le pun\u0103 \u00een bagaj. \u00cei pute\u021bi ajuta pu\u021bin, spun\u00e2ndu-le ce tip de haine \u0219i accesorii vor avea nevoie. Dac\u0103 merge\u021bi la mare \u0219i plaj\u0103, vor trebui s\u0103-\u0219i \u00eempacheteze costumul de baie, prosopul \u0219i formele pentru nisip. Dac\u0103, \u00een schimb, ve\u021bi merge la ski, au nevoie de haine c\u0103lduroase, de pulovere de l\u00e2n\u0103 \u0219i ciorapi gro\u0219i. O geac\u0103 impermeabil\u0103 \u0219i cizmele c\u0103lduroase vor trebui s\u0103 fie, de asemenea, incluse \u00een valiz\u0103.&nbsp;<\/p>\n\n\n\n<p>Oric\u00e2t deranj vor face cei mici \u00een tot procesul de organizare al bagajelor, va trebui s\u0103 \u00eei l\u0103sa\u021bi \u00een pace \u0219i s\u0103 nu v\u0103 enerva\u021bi. Din contr\u0103, ar trebui s\u0103 v\u0103 amuza\u021bi \u00eempreun\u0103 \u00een timpul acestor momente unice, \u00een care nu ve\u021bi putea crede ce idei le pot trece prin cap, \u00een leg\u0103tur\u0103 cu lucrurile pe care vor s\u0103 le ia cu ei.<\/p>\n\n\n\n<p>La final, pute\u021bi face cu to\u021bii o trecere prin lista pe care a\u021bi preg\u0103tit-o, pentru a fi siguri c\u0103 toate lucrurile necesare sunt la locul lor \u0219i nu a\u021bi uitat nimic.&nbsp;<\/p>\n\n\n\n<div id=\"ad-block_bf547005dba62dd9f0e5c0ffd92b65a1\" class=\"ad ad-inner ad-default paragraf-tip col-xs-12\">\n\t<div class=\"ad-content col-xs-12\">\n\t\t<p>Dac\u0103 v\u0103 atrage una dintre destina\u021biile propuse \u00een acest articol ori dac\u0103 ave\u021bi nevoie de mai multe informa\u021bii, ne pute\u021bi contacta <a href=\"https:\/\/travelplanner.ro\/contact\"><strong>aici<\/strong><\/a><strong>. <\/strong>\u0218i nu uita\u021bi s\u0103 v\u0103 \u00eenscrie\u021bi la <strong>Newsletter <\/strong>pentru a putea afla la timp despre cele mai interesante oferte pe care vi le-am preg\u0103tit.<\/p>\n\t\t\n\t\t\t\t\n\t\t\t\t<div class=\"ad-buttons btn-inline\">\n\t\t\t\t\t\t\t\t\t<a href=\"https:\/\/travelplanner.ro\/\" class=\"ad-button ad-button-content\" onclick=\"gtag('event', 'blog_cta_continut_tip_paragraf', {'event_category': 'Blog'});\">Oferte vacante Travel Planner<\/a>\n\t\t\t\t\t\t\n\t\t\t\t\t<\/div>\n\t\t\t<\/div>\n<\/div>\n\n<style type=\"text\/css\">\n\/* Ad tp *\/\n.ad-inner {\n    background-color: #EDEDEB;\n    padding: 15px 20px 5px 20px;\n}\n.ad-inner.paragraf-tip {\n    background-color: #fdfccb;\n    border-radius: 15px;\n}\n.ad-inner.ad-featured {\n\tborder-top: 4px solid #E4BA28;\n}\n.ad-content p {\n    margin-top: 0 !important;\n}\n.ad-content h1, \n.ad-content h2, \n.ad-content h3, \n.ad-content h4, \n.ad-content h5 {\n    margin-top: 0;\n    margin-bottom: 15px;\n    font-size: 18px;\n    font-weight: bold;\n    color: #000;\n}\n.ad-content ul, \n.ad-content ol {\n    margin-top: 15px;\n    margin-bottom: 15px;\n}\n.ad-inner {\n    margin-bottom: 25px;\n}\n.ad-buttons {\n    text-align: center;\n\tmargin-bottom: 15px;\n\tmargin-top: 10px;\n\t\n}\n\t.paragraf-tip .ad-button:hover {\n\t\tbackground:#1F2159;\n\t\tborder-color:#1F2159;\n\t\tcolor: #fff;\n\t}\n\t\n.paragraf-tip .ad-button {\n    background: #1F2159;\n\tfont-weight: 700 !important;\n    color: #fff;\n    padding: 9px 20px;\n    display: inline-block;\n    margin: 0px 8px;\n    font-weight: 500;\n    border-radius: 7px;\n    border: 1px solid #1F2159;\n    text-decoration: none !important;\n}\n.ad-button {\n    background: #e4bb28;\n\tfont-weight: 700 !important;\n    color: #000;\n    padding: 9px 20px;\n    display: inline-block;\n    margin: 0px 8px;\n    font-weight: 500;\n    border: 1px solid #e4bb28;\n    text-decoration: none !important;\n}\n.cta-btn {\n    padding-top: 12px;\n}\n.hotels-lista .hotel {\n\tmax-width: 230px;\n\twidth: 100%;\n}\n.cta-btn .ad-button {\n    padding: 6px 13px;\n\tmargin: 0;\n\ttext-align:center;\n}\n@media(max-width:495px) {\n\tbody .ad-button {\n\t\tfont-size: 18px !important;\n\t\twidth: 100%;\n\t\tmargin: 0;\n\t}\n}\n<\/style>\n\n\n\n<p><strong>Alte articole care te pot interesa:<\/strong><\/p>\n\n\n\n<ul class=\"wp-block-list\">\n<li><a href=\"https:\/\/travelplanner.ro\/blog\/beneficii-vacante-in-familie-cu-copiii\/\" target=\"_blank\" rel=\"noreferrer noopener\">Argumente pro vacante in familie, impreuna cu copiii. De ce sa iei micutii cu tine in concediu?<\/a><\/li>\n\n\n\n<li><a href=\"https:\/\/travelplanner.ro\/blog\/vacanta-cu-copiii-cum-sa-o-faci-reusita\/\">Vacanta cu copii<\/a><a href=\"https:\/\/travelplanner.ro\/blog\/vacanta-cu-copiii-cum-sa-o-faci-reusita\/\" target=\"_blank\" rel=\"noreferrer noopener\">i<\/a><a href=\"https:\/\/travelplanner.ro\/blog\/vacanta-cu-copiii-cum-sa-o-faci-reusita\/\">. Principalele aspecte pe care ar trebui sa le iei in considerare pentru o experienta reusita<\/a><\/li>\n\n\n\n<li><a href=\"https:\/\/travelplanner.ro\/blog\/beneficiile-vacantelor-pentru-copii\/\" target=\"_blank\" rel=\"noreferrer noopener\">Care sunt beneficiile vacantelor pentru copii si cum ii ajuta sa se dezvolte<\/a><\/li>\n\n\n\n<li><a href=\"https:\/\/travelplanner.ro\/blog\/cum-ii-pregatim-pe-copii-si-ce-le-spunem-inainte-de-vacanta\/\" target=\"_blank\" rel=\"noreferrer noopener\">Cum ii pregatim pe copii si ce le spunem inainte de vacanta?<\/a><\/li>\n\n\n\n<li><a href=\"https:\/\/travelplanner.ro\/blog\/pro-si-contra-vacante-in-cuplu-sau-cu-copiii\/\" target=\"_blank\" rel=\"noreferrer noopener\">Vacante in cuplu sau impreuna cu copiii? Argumente pro si contra<\/a><\/li>\n\n\n\n<li><a href=\"https:\/\/travelplanner.ro\/blog\/cum-implicam-copiii-in-alegerea-vacantelor\/\" target=\"_blank\" rel=\"noreferrer noopener\">Cum ii implicam pe copii in alegerea vacantelor? 8 sfaturi practice<\/a><\/li>\n\n\n\n<li><a href=\"https:\/\/travelplanner.ro\/blog\/cu-bunicii-si-copiii-in-vacanta-motive-si-activitati-impreuna\/\" target=\"_blank\" rel=\"noreferrer noopener\">Cu bunicii si copiii in vacanta. Motive pentru o vacanta cu toata familia si idei de activitati pe care sa le faceti impreuna<\/a><\/li>\n<\/ul>\n","protected":false},"excerpt":{"rendered":"<p>Vacan\u021bele sunt ocazii excelente pentru a petrece timp \u00eempreun\u0103 cu cei dragi, pentru a planifica activit\u0103\u021bi de neuitat sau chiar pentru a &#8230;<\/p>\n","protected":false},"author":10,"featured_media":3370,"comment_status":"closed","ping_status":"closed","sticky":false,"template":"","format":"standard","meta":{"_acf_changed":false,"footnotes":""},"categories":[2343],"tags":[],"class_list":["post-3168","post","type-post","status-publish","format-standard","has-post-thumbnail","hentry","category-vacanta-impreuna-cu-familia"],"acf":[],"yoast_head":"<!-- This site is optimized with the Yoast SEO Premium plugin v24.2 (Yoast SEO v24.2) - https:\/\/yoast.com\/wordpress\/plugins\/seo\/ -->\n<title>Cum ii implicam pe copii in alegerea vacantelor? 8 sfaturi practice - Blog TravelPlanner.ro<\/title>\n<meta name=\"robots\" content=\"index, follow, max-snippet:-1, max-image-preview:large, max-video-preview:-1\" \/>\n<link rel=\"canonical\" href=\"https:\/\/travelplanner.ro\/blog\/cum-implicam-copiii-in-alegerea-vacantelor\/\" \/>\n<meta property=\"og:locale\" content=\"en_US\" \/>\n<meta property=\"og:type\" content=\"article\" \/>\n<meta property=\"og:title\" content=\"Cum ii implicam pe copii in alegerea vacantelor? 8 sfaturi practice\" \/>\n<meta property=\"og:description\" content=\"Vacan\u021bele sunt ocazii excelente pentru a petrece timp \u00eempreun\u0103 cu cei dragi, pentru a planifica activit\u0103\u021bi de neuitat sau chiar pentru a ...\" \/>\n<meta property=\"og:url\" content=\"https:\/\/travelplanner.ro\/blog\/cum-implicam-copiii-in-alegerea-vacantelor\/\" \/>\n<meta property=\"og:site_name\" content=\"Blog TravelPlanner.ro\" \/>\n<meta property=\"article:publisher\" content=\"https:\/\/www.facebook.com\/TravelPlanner.ro\" \/>\n<meta property=\"article:published_time\" content=\"2026-01-02T18:36:00+00:00\" \/>\n<meta property=\"article:modified_time\" content=\"2026-01-23T07:20:03+00:00\" \/>\n<meta property=\"og:image\" content=\"https:\/\/travelplanner.ro\/blog\/wp-content\/uploads\/2021\/04\/copii-decid-despre-vacanta.jpg\" \/>\n\t<meta property=\"og:image:width\" content=\"1000\" \/>\n\t<meta property=\"og:image:height\" content=\"667\" \/>\n\t<meta property=\"og:image:type\" content=\"image\/jpeg\" \/>\n<meta name=\"author\" content=\"Ana Maria Mitrus\" \/>\n<meta name=\"twitter:card\" content=\"summary_large_image\" \/>\n<meta name=\"twitter:label1\" content=\"Written by\" \/>\n\t<meta name=\"twitter:data1\" content=\"Ana Maria Mitrus\" \/>\n\t<meta name=\"twitter:label2\" content=\"Est. reading time\" \/>\n\t<meta name=\"twitter:data2\" content=\"8 minutes\" \/>\n<script type=\"application\/ld+json\" class=\"yoast-schema-graph\">{\"@context\":\"https:\/\/schema.org\",\"@graph\":[{\"@type\":\"Article\",\"@id\":\"https:\/\/travelplanner.ro\/blog\/cum-implicam-copiii-in-alegerea-vacantelor\/#article\",\"isPartOf\":{\"@id\":\"https:\/\/travelplanner.ro\/blog\/cum-implicam-copiii-in-alegerea-vacantelor\/\"},\"author\":{\"name\":\"Ana Maria Mitrus\",\"@id\":\"https:\/\/travelplanner.ro\/blog\/#\/schema\/person\/f59729b6aea181cfb22cf784d9e2ad29\"},\"headline\":\"Cum ii implicam pe copii in alegerea vacantelor? 8 sfaturi practice\",\"datePublished\":\"2026-01-02T18:36:00+00:00\",\"dateModified\":\"2026-01-23T07:20:03+00:00\",\"mainEntityOfPage\":{\"@id\":\"https:\/\/travelplanner.ro\/blog\/cum-implicam-copiii-in-alegerea-vacantelor\/\"},\"wordCount\":1825,\"publisher\":{\"@id\":\"https:\/\/travelplanner.ro\/blog\/#organization\"},\"image\":{\"@id\":\"https:\/\/travelplanner.ro\/blog\/cum-implicam-copiii-in-alegerea-vacantelor\/#primaryimage\"},\"thumbnailUrl\":\"https:\/\/travelplanner.ro\/blog\/wp-content\/uploads\/2021\/04\/copii-decid-despre-vacanta.jpg\",\"articleSection\":[\"Vacanta cu familia\"],\"inLanguage\":\"en-US\"},{\"@type\":\"WebPage\",\"@id\":\"https:\/\/travelplanner.ro\/blog\/cum-implicam-copiii-in-alegerea-vacantelor\/\",\"url\":\"https:\/\/travelplanner.ro\/blog\/cum-implicam-copiii-in-alegerea-vacantelor\/\",\"name\":\"Cum ii implicam pe copii in alegerea vacantelor? 8 sfaturi practice - Blog TravelPlanner.ro\",\"isPartOf\":{\"@id\":\"https:\/\/travelplanner.ro\/blog\/#website\"},\"primaryImageOfPage\":{\"@id\":\"https:\/\/travelplanner.ro\/blog\/cum-implicam-copiii-in-alegerea-vacantelor\/#primaryimage\"},\"image\":{\"@id\":\"https:\/\/travelplanner.ro\/blog\/cum-implicam-copiii-in-alegerea-vacantelor\/#primaryimage\"},\"thumbnailUrl\":\"https:\/\/travelplanner.ro\/blog\/wp-content\/uploads\/2021\/04\/copii-decid-despre-vacanta.jpg\",\"datePublished\":\"2026-01-02T18:36:00+00:00\",\"dateModified\":\"2026-01-23T07:20:03+00:00\",\"breadcrumb\":{\"@id\":\"https:\/\/travelplanner.ro\/blog\/cum-implicam-copiii-in-alegerea-vacantelor\/#breadcrumb\"},\"inLanguage\":\"en-US\",\"potentialAction\":[{\"@type\":\"ReadAction\",\"target\":[\"https:\/\/travelplanner.ro\/blog\/cum-implicam-copiii-in-alegerea-vacantelor\/\"]}]},{\"@type\":\"ImageObject\",\"inLanguage\":\"en-US\",\"@id\":\"https:\/\/travelplanner.ro\/blog\/cum-implicam-copiii-in-alegerea-vacantelor\/#primaryimage\",\"url\":\"https:\/\/travelplanner.ro\/blog\/wp-content\/uploads\/2021\/04\/copii-decid-despre-vacanta.jpg\",\"contentUrl\":\"https:\/\/travelplanner.ro\/blog\/wp-content\/uploads\/2021\/04\/copii-decid-despre-vacanta.jpg\",\"width\":1000,\"height\":667},{\"@type\":\"BreadcrumbList\",\"@id\":\"https:\/\/travelplanner.ro\/blog\/cum-implicam-copiii-in-alegerea-vacantelor\/#breadcrumb\",\"itemListElement\":[{\"@type\":\"ListItem\",\"position\":1,\"name\":\"TravelPlanner.ro\",\"item\":\"https:\/\/travelplanner.ro\/\"},{\"@type\":\"ListItem\",\"position\":2,\"name\":\"Blog\",\"item\":\"https:\/\/travelplanner.ro\/blog\/\"},{\"@type\":\"ListItem\",\"position\":3,\"name\":\"Vacanta cu familia\",\"item\":\"https:\/\/travelplanner.ro\/blog\/vacanta-impreuna-cu-familia\/\"},{\"@type\":\"ListItem\",\"position\":4,\"name\":\"Cum ii implicam pe copii in alegerea vacantelor? 8 sfaturi practice\"}]},{\"@type\":\"WebSite\",\"@id\":\"https:\/\/travelplanner.ro\/blog\/#website\",\"url\":\"https:\/\/travelplanner.ro\/blog\/\",\"name\":\"Blog TravelPlanner.ro\",\"description\":\"We plan, you travel\",\"publisher\":{\"@id\":\"https:\/\/travelplanner.ro\/blog\/#organization\"},\"potentialAction\":[{\"@type\":\"SearchAction\",\"target\":{\"@type\":\"EntryPoint\",\"urlTemplate\":\"https:\/\/travelplanner.ro\/blog\/?s={search_term_string}\"},\"query-input\":{\"@type\":\"PropertyValueSpecification\",\"valueRequired\":true,\"valueName\":\"search_term_string\"}}],\"inLanguage\":\"en-US\"},{\"@type\":\"Organization\",\"@id\":\"https:\/\/travelplanner.ro\/blog\/#organization\",\"name\":\"Travel Planner\",\"url\":\"https:\/\/travelplanner.ro\/blog\/\",\"logo\":{\"@type\":\"ImageObject\",\"inLanguage\":\"en-US\",\"@id\":\"https:\/\/travelplanner.ro\/blog\/#\/schema\/logo\/image\/\",\"url\":\"https:\/\/travelplanner.ro\/blog\/wp-content\/uploads\/2019\/04\/logo.jpg\",\"contentUrl\":\"https:\/\/travelplanner.ro\/blog\/wp-content\/uploads\/2019\/04\/logo.jpg\",\"width\":483,\"height\":483,\"caption\":\"Travel Planner\"},\"image\":{\"@id\":\"https:\/\/travelplanner.ro\/blog\/#\/schema\/logo\/image\/\"},\"sameAs\":[\"https:\/\/www.facebook.com\/TravelPlanner.ro\",\"https:\/\/www.instagram.com\/travelplanner.ro\/\",\"https:\/\/www.linkedin.com\/company\/travel-planner\/\",\"https:\/\/www.youtube.com\/c\/TravelPlannerBucure\u0219ti\/\"]},{\"@type\":\"Person\",\"@id\":\"https:\/\/travelplanner.ro\/blog\/#\/schema\/person\/f59729b6aea181cfb22cf784d9e2ad29\",\"name\":\"Ana Maria Mitrus\",\"image\":{\"@type\":\"ImageObject\",\"inLanguage\":\"en-US\",\"@id\":\"https:\/\/travelplanner.ro\/blog\/#\/schema\/person\/image\/\",\"url\":\"https:\/\/secure.gravatar.com\/avatar\/d3ba72e4817b4f28e20d70a68b237743?s=96&d=mm&r=g\",\"contentUrl\":\"https:\/\/secure.gravatar.com\/avatar\/d3ba72e4817b4f28e20d70a68b237743?s=96&d=mm&r=g\",\"caption\":\"Ana Maria Mitrus\"},\"url\":\"https:\/\/travelplanner.ro\/blog\/author\/ana-maria-mitrus\/\"}]}<\/script>\n<!-- \/ Yoast SEO Premium plugin. -->","yoast_head_json":{"title":"Cum ii implicam pe copii in alegerea vacantelor? 8 sfaturi practice - Blog TravelPlanner.ro","robots":{"index":"index","follow":"follow","max-snippet":"max-snippet:-1","max-image-preview":"max-image-preview:large","max-video-preview":"max-video-preview:-1"},"canonical":"https:\/\/travelplanner.ro\/blog\/cum-implicam-copiii-in-alegerea-vacantelor\/","og_locale":"en_US","og_type":"article","og_title":"Cum ii implicam pe copii in alegerea vacantelor? 8 sfaturi practice","og_description":"Vacan\u021bele sunt ocazii excelente pentru a petrece timp \u00eempreun\u0103 cu cei dragi, pentru a planifica activit\u0103\u021bi de neuitat sau chiar pentru a ...","og_url":"https:\/\/travelplanner.ro\/blog\/cum-implicam-copiii-in-alegerea-vacantelor\/","og_site_name":"Blog TravelPlanner.ro","article_publisher":"https:\/\/www.facebook.com\/TravelPlanner.ro","article_published_time":"2026-01-02T18:36:00+00:00","article_modified_time":"2026-01-23T07:20:03+00:00","og_image":[{"width":1000,"height":667,"url":"https:\/\/travelplanner.ro\/blog\/wp-content\/uploads\/2021\/04\/copii-decid-despre-vacanta.jpg","type":"image\/jpeg"}],"author":"Ana Maria Mitrus","twitter_card":"summary_large_image","twitter_misc":{"Written by":"Ana Maria Mitrus","Est. reading time":"8 minutes"},"schema":{"@context":"https:\/\/schema.org","@graph":[{"@type":"Article","@id":"https:\/\/travelplanner.ro\/blog\/cum-implicam-copiii-in-alegerea-vacantelor\/#article","isPartOf":{"@id":"https:\/\/travelplanner.ro\/blog\/cum-implicam-copiii-in-alegerea-vacantelor\/"},"author":{"name":"Ana Maria Mitrus","@id":"https:\/\/travelplanner.ro\/blog\/#\/schema\/person\/f59729b6aea181cfb22cf784d9e2ad29"},"headline":"Cum ii implicam pe copii in alegerea vacantelor? 8 sfaturi practice","datePublished":"2026-01-02T18:36:00+00:00","dateModified":"2026-01-23T07:20:03+00:00","mainEntityOfPage":{"@id":"https:\/\/travelplanner.ro\/blog\/cum-implicam-copiii-in-alegerea-vacantelor\/"},"wordCount":1825,"publisher":{"@id":"https:\/\/travelplanner.ro\/blog\/#organization"},"image":{"@id":"https:\/\/travelplanner.ro\/blog\/cum-implicam-copiii-in-alegerea-vacantelor\/#primaryimage"},"thumbnailUrl":"https:\/\/travelplanner.ro\/blog\/wp-content\/uploads\/2021\/04\/copii-decid-despre-vacanta.jpg","articleSection":["Vacanta cu familia"],"inLanguage":"en-US"},{"@type":"WebPage","@id":"https:\/\/travelplanner.ro\/blog\/cum-implicam-copiii-in-alegerea-vacantelor\/","url":"https:\/\/travelplanner.ro\/blog\/cum-implicam-copiii-in-alegerea-vacantelor\/","name":"Cum ii implicam pe copii in alegerea vacantelor? 8 sfaturi practice - Blog TravelPlanner.ro","isPartOf":{"@id":"https:\/\/travelplanner.ro\/blog\/#website"},"primaryImageOfPage":{"@id":"https:\/\/travelplanner.ro\/blog\/cum-implicam-copiii-in-alegerea-vacantelor\/#primaryimage"},"image":{"@id":"https:\/\/travelplanner.ro\/blog\/cum-implicam-copiii-in-alegerea-vacantelor\/#primaryimage"},"thumbnailUrl":"https:\/\/travelplanner.ro\/blog\/wp-content\/uploads\/2021\/04\/copii-decid-despre-vacanta.jpg","datePublished":"2026-01-02T18:36:00+00:00","dateModified":"2026-01-23T07:20:03+00:00","breadcrumb":{"@id":"https:\/\/travelplanner.ro\/blog\/cum-implicam-copiii-in-alegerea-vacantelor\/#breadcrumb"},"inLanguage":"en-US","potentialAction":[{"@type":"ReadAction","target":["https:\/\/travelplanner.ro\/blog\/cum-implicam-copiii-in-alegerea-vacantelor\/"]}]},{"@type":"ImageObject","inLanguage":"en-US","@id":"https:\/\/travelplanner.ro\/blog\/cum-implicam-copiii-in-alegerea-vacantelor\/#primaryimage","url":"https:\/\/travelplanner.ro\/blog\/wp-content\/uploads\/2021\/04\/copii-decid-despre-vacanta.jpg","contentUrl":"https:\/\/travelplanner.ro\/blog\/wp-content\/uploads\/2021\/04\/copii-decid-despre-vacanta.jpg","width":1000,"height":667},{"@type":"BreadcrumbList","@id":"https:\/\/travelplanner.ro\/blog\/cum-implicam-copiii-in-alegerea-vacantelor\/#breadcrumb","itemListElement":[{"@type":"ListItem","position":1,"name":"TravelPlanner.ro","item":"https:\/\/travelplanner.ro\/"},{"@type":"ListItem","position":2,"name":"Blog","item":"https:\/\/travelplanner.ro\/blog\/"},{"@type":"ListItem","position":3,"name":"Vacanta cu familia","item":"https:\/\/travelplanner.ro\/blog\/vacanta-impreuna-cu-familia\/"},{"@type":"ListItem","position":4,"name":"Cum ii implicam pe copii in alegerea vacantelor? 8 sfaturi practice"}]},{"@type":"WebSite","@id":"https:\/\/travelplanner.ro\/blog\/#website","url":"https:\/\/travelplanner.ro\/blog\/","name":"Blog TravelPlanner.ro","description":"We plan, you travel","publisher":{"@id":"https:\/\/travelplanner.ro\/blog\/#organization"},"potentialAction":[{"@type":"SearchAction","target":{"@type":"EntryPoint","urlTemplate":"https:\/\/travelplanner.ro\/blog\/?s={search_term_string}"},"query-input":{"@type":"PropertyValueSpecification","valueRequired":true,"valueName":"search_term_string"}}],"inLanguage":"en-US"},{"@type":"Organization","@id":"https:\/\/travelplanner.ro\/blog\/#organization","name":"Travel Planner","url":"https:\/\/travelplanner.ro\/blog\/","logo":{"@type":"ImageObject","inLanguage":"en-US","@id":"https:\/\/travelplanner.ro\/blog\/#\/schema\/logo\/image\/","url":"https:\/\/travelplanner.ro\/blog\/wp-content\/uploads\/2019\/04\/logo.jpg","contentUrl":"https:\/\/travelplanner.ro\/blog\/wp-content\/uploads\/2019\/04\/logo.jpg","width":483,"height":483,"caption":"Travel Planner"},"image":{"@id":"https:\/\/travelplanner.ro\/blog\/#\/schema\/logo\/image\/"},"sameAs":["https:\/\/www.facebook.com\/TravelPlanner.ro","https:\/\/www.instagram.com\/travelplanner.ro\/","https:\/\/www.linkedin.com\/company\/travel-planner\/","https:\/\/www.youtube.com\/c\/TravelPlannerBucure\u0219ti\/"]},{"@type":"Person","@id":"https:\/\/travelplanner.ro\/blog\/#\/schema\/person\/f59729b6aea181cfb22cf784d9e2ad29","name":"Ana Maria Mitrus","image":{"@type":"ImageObject","inLanguage":"en-US","@id":"https:\/\/travelplanner.ro\/blog\/#\/schema\/person\/image\/","url":"https:\/\/secure.gravatar.com\/avatar\/d3ba72e4817b4f28e20d70a68b237743?s=96&d=mm&r=g","contentUrl":"https:\/\/secure.gravatar.com\/avatar\/d3ba72e4817b4f28e20d70a68b237743?s=96&d=mm&r=g","caption":"Ana Maria Mitrus"},"url":"https:\/\/travelplanner.ro\/blog\/author\/ana-maria-mitrus\/"}]}},"_links":{"self":[{"href":"https:\/\/travelplanner.ro\/blog\/wp-json\/wp\/v2\/posts\/3168","targetHints":{"allow":["GET"]}}],"collection":[{"href":"https:\/\/travelplanner.ro\/blog\/wp-json\/wp\/v2\/posts"}],"about":[{"href":"https:\/\/travelplanner.ro\/blog\/wp-json\/wp\/v2\/types\/post"}],"author":[{"embeddable":true,"href":"https:\/\/travelplanner.ro\/blog\/wp-json\/wp\/v2\/users\/10"}],"replies":[{"embeddable":true,"href":"https:\/\/travelplanner.ro\/blog\/wp-json\/wp\/v2\/comments?post=3168"}],"version-history":[{"count":15,"href":"https:\/\/travelplanner.ro\/blog\/wp-json\/wp\/v2\/posts\/3168\/revisions"}],"predecessor-version":[{"id":17214,"href":"https:\/\/travelplanner.ro\/blog\/wp-json\/wp\/v2\/posts\/3168\/revisions\/17214"}],"wp:featuredmedia":[{"embeddable":true,"href":"https:\/\/travelplanner.ro\/blog\/wp-json\/wp\/v2\/media\/3370"}],"wp:attachment":[{"href":"https:\/\/travelplanner.ro\/blog\/wp-json\/wp\/v2\/media?parent=3168"}],"wp:term":[{"taxonomy":"category","embeddable":true,"href":"https:\/\/travelplanner.ro\/blog\/wp-json\/wp\/v2\/categories?post=3168"},{"taxonomy":"post_tag","embeddable":true,"href":"https:\/\/travelplanner.ro\/blog\/wp-json\/wp\/v2\/tags?post=3168"}],"curies":[{"name":"wp","href":"https:\/\/api.w.org\/{rel}","templated":true}]}}