{"id":3202,"date":"2026-01-05T22:20:00","date_gmt":"2026-01-05T22:20:00","guid":{"rendered":"https:\/\/travelplanner.ro\/blog\/?p=3202"},"modified":"2026-01-23T07:41:07","modified_gmt":"2026-01-23T07:41:07","slug":"beneficii-vacante-in-familie-cu-copiii","status":"publish","type":"post","link":"https:\/\/travelplanner.ro\/blog\/beneficii-vacante-in-familie-cu-copiii\/","title":{"rendered":"Argumente pro vacante in familie, impreuna cu copiii. De ce sa iei micutii cu tine in concediu?"},"content":{"rendered":"\n<p>C\u0103l\u0103toriile pot reuni familia \u00eencep\u00e2nd chiar cu etapa de planificare. Discu\u021biile despre destina\u021bia potrivit\u0103, stabilirea mijlocului de transport \u0219i chiar alegerea perioadei potrivite pentru to\u021bi membrii familiei, reprezint\u0103 primul dintre cele mai importante beneficii ale vacan\u021belor al\u0103turi de copii.&nbsp;<\/p><div id=\"ez-toc-container\" class=\"ez-toc-v2_0_71 counter-hierarchy ez-toc-counter ez-toc-grey ez-toc-container-direction\">\n<div class=\"ez-toc-title-container\">\n<p class=\"ez-toc-title\" style=\"cursor:inherit\">In aceasta pagina vei gasi informatii despre:<\/p>\n<span class=\"ez-toc-title-toggle\"><\/span><\/div>\n<nav><ul class='ez-toc-list ez-toc-list-level-1 ' ><li class='ez-toc-page-1 ez-toc-heading-level-2'><a class=\"ez-toc-link ez-toc-heading-1\" href=\"https:\/\/travelplanner.ro\/blog\/beneficii-vacante-in-familie-cu-copiii\/#Cele_mai_importante_7_concluzii_de_la_psihologi_in_ceea_ce_priveste_vacantele_alaturi_de_copii\" title=\"Cele mai importante 7 concluzii de la psihologi \u00een ceea ce prive\u0219te vacan\u021bele al\u0103turi de copii\">Cele mai importante 7 concluzii de la psihologi \u00een ceea ce prive\u0219te vacan\u021bele al\u0103turi de copii<\/a><\/li><li class='ez-toc-page-1 ez-toc-heading-level-2'><a class=\"ez-toc-link ez-toc-heading-2\" href=\"https:\/\/travelplanner.ro\/blog\/beneficii-vacante-in-familie-cu-copiii\/#Alte_articole_care_te_pot_interesa\" title=\"Alte articole care te pot interesa\">Alte articole care te pot interesa<\/a><\/li><\/ul><\/nav><\/div>\n\n\n\n\n<p>Dac\u0103 te g\u00e2nde\u0219ti deja c\u0103, av\u00e2nd copiii al\u0103turi de tine, costurile vor fi mai mari, c\u0103 drumul va fi mai obositor, iar lini\u0219tea la care visezi este ceva imposibil de atins, atunci avem c\u00e2teva ve\u0219ti bune.&nbsp;<\/p>\n\n\n\n<p>Pentru partea referitoare la cazare \u0219i drum, pe site-ul nostru vei g\u0103si cele mai bune oferte pentru familiile cu copii. <\/p>\n\n\n\n<div id=\"ad-block_05239d3375033cff00aad5fab3d97611\" class=\"ad ad-inner ad-default paragraf-tip col-xs-12\">\n\t<div class=\"ad-content col-xs-12\">\n\t\t<p>Cu doar o mic\u0103 diferen\u021b\u0103 pl\u0103tit\u0103 \u00een plus, o vacan\u021b\u0103 al\u0103turi de copii poate fi cu mult mai profitabil\u0103 pentru toat\u0103 lumea. Pe Travel Planner po\u021bi g\u0103si destina\u021bii de vis pentru<a href=\"https:\/\/travelplanner.ro\/vacante-litoral-bulgaria\"> vacante litoral Bulgaria<\/a>, <a href=\"https:\/\/travelplanner.ro\/vacante-grecia\">vacante Grecia<\/a> si <a href=\"https:\/\/travelplanner.ro\/vacante-turcia\">vacante Turcia<\/a>!<\/p>\n\t\t\n\t\t\t\t\n\t\t\t<\/div>\n<\/div>\n\n<style type=\"text\/css\">\n\/* Ad tp *\/\n.ad-inner {\n    background-color: #EDEDEB;\n    padding: 15px 20px 5px 20px;\n}\n.ad-inner.paragraf-tip {\n    background-color: #fdfccb;\n    border-radius: 15px;\n}\n.ad-inner.ad-featured {\n\tborder-top: 4px solid #E4BA28;\n}\n.ad-content p {\n    margin-top: 0 !important;\n}\n.ad-content h1, \n.ad-content h2, \n.ad-content h3, \n.ad-content h4, \n.ad-content h5 {\n    margin-top: 0;\n    margin-bottom: 15px;\n    font-size: 18px;\n    font-weight: bold;\n    color: #000;\n}\n.ad-content ul, \n.ad-content ol {\n    margin-top: 15px;\n    margin-bottom: 15px;\n}\n.ad-inner {\n    margin-bottom: 25px;\n}\n.ad-buttons {\n    text-align: center;\n\tmargin-bottom: 15px;\n\tmargin-top: 10px;\n\t\n}\n\t.paragraf-tip .ad-button:hover {\n\t\tbackground:#1F2159;\n\t\tborder-color:#1F2159;\n\t\tcolor: #fff;\n\t}\n\t\n.paragraf-tip .ad-button {\n    background: #1F2159;\n\tfont-weight: 700 !important;\n    color: #fff;\n    padding: 9px 20px;\n    display: inline-block;\n    margin: 0px 8px;\n    font-weight: 500;\n    border-radius: 7px;\n    border: 1px solid #1F2159;\n    text-decoration: none !important;\n}\n.ad-button {\n    background: #e4bb28;\n\tfont-weight: 700 !important;\n    color: #000;\n    padding: 9px 20px;\n    display: inline-block;\n    margin: 0px 8px;\n    font-weight: 500;\n    border: 1px solid #e4bb28;\n    text-decoration: none !important;\n}\n.cta-btn {\n    padding-top: 12px;\n}\n.hotels-lista .hotel {\n\tmax-width: 230px;\n\twidth: 100%;\n}\n.cta-btn .ad-button {\n    padding: 6px 13px;\n\tmargin: 0;\n\ttext-align:center;\n}\n@media(max-width:495px) {\n\tbody .ad-button {\n\t\tfont-size: 18px !important;\n\t\twidth: 100%;\n\t\tmargin: 0;\n\t}\n}\n<\/style>\n\n\n\n<p>Referitor la lini\u0219tea pe care \u021bi-o dore\u0219ti, este limpede c\u0103 o vacan\u021b\u0103 al\u0103turi de cei mici este mai solicitant\u0103, \u00eens\u0103, ca p\u0103rin\u021bi, trebuie s\u0103 accept\u0103m faptul c\u0103 cei mici vin la pachet cu multe bucurii, dar \u0219i multe provoc\u0103ri. Poate \u0219i din acest motiv, vacan\u021bele al\u0103turi de copii au multe beneficii, despre care speciali\u0219tii vorbesc \u00eentr-una.&nbsp;<\/p>\n\n\n\n<h2 class=\"wp-block-heading\" id=\"h-cele-mai-importante-7-concluzii-de-la-psihologi-in-ceea-ce-prive\u0219te-vacan\u021bele-alaturi-de-copii\"><span class=\"ez-toc-section\" id=\"Cele_mai_importante_7_concluzii_de_la_psihologi_in_ceea_ce_priveste_vacantele_alaturi_de_copii\"><\/span><strong>Cele mai importante 7 concluzii de la psihologi \u00een ceea ce prive\u0219te vacan\u021bele al\u0103turi de copii<\/strong><span class=\"ez-toc-section-end\"><\/span><\/h2>\n\n\n\n<ol class=\"wp-block-list\">\n<li><strong>C\u0103l\u0103toriile vor avea loc la vitez\u0103 mai mic\u0103, la propriu \u0219i la figurat<\/strong><\/li>\n<\/ol>\n\n\n\n<p>Mai ales atunci c\u00e2nd copiii sunt mici, trebuie s\u0103 te obi\u0219nuie\u0219ti s\u0103 c\u0103l\u0103tore\u0219ti \u00eentr-un ritm mai lent. Totul se schimb\u0103 atunci c\u00e2nd devii p\u0103rinte, inclusiv ritmul frenetic \u00een care descoperi lumea din jurul t\u0103u. Atunci c\u00e2nd ai un pui de om l\u00e2ng\u0103 tine, totul se va adapta la ritmul lui, pa\u0219ii vor fi mai mici, iar experien\u021bele mai profunde.&nbsp;\u0218i da, timpul pare sa treaca mai \u00eencet atunci c\u00e2nd te afli al\u0103turi de copii \u00een vacan\u021b\u0103. <\/p>\n\n\n\n<ol class=\"wp-block-list\" start=\"2\">\n<li><strong>Vei cunoa\u0219te oameni noi<\/strong> <strong>\u0219i poten\u021biali prieteni <\/strong><\/li>\n<\/ol>\n\n\n\n<p>NImic nu leag\u0103 mai mult doi adul\u021bi complet str\u0103ini dec\u00e2t copiii lor care se joac\u0103 \u00eempreun\u0103. Inevitabil se vor lega conversa\u021bii, se stabilesc \u00eent\u00e2lniri ulterioare, iar rela\u021biile se dezvolt\u0103 \u0219i pot continua chiar \u0219i dup\u0103 \u00eentoarcerea acas\u0103.&nbsp;<\/p>\n\n\n\n<ol class=\"wp-block-list\" start=\"3\">\n<li><strong>C\u0103l\u0103toriile \u00eempreun\u0103 stabilesc leg\u0103turi puternice \u00een familie<\/strong><\/li>\n<\/ol>\n\n\n\n<p>Tr\u0103im vie\u021bi aglomerate \u0219i stresante \u0219i ne este din ce \u00een ce mai greu s\u0103 ne conect\u0103m chiar \u0219i cu copiii no\u0219tri. Mul\u021bi p\u0103rin\u021bi \u00ee\u0219i petrec majoritatea timpului la munc\u0103, iar c\u00e2nd ajung acas\u0103 sunt prea obosi\u021bi pentru a se implica \u00een activit\u0103\u021bile energice dorite de copii. \u00cen cel mai fericit caz, familiile vor sta \u00eempreun\u0103 atunci c\u00e2nd se uita la televizor, dar \u0219i aceast\u0103 activitate este perceput\u0103 tot ca un fel de izolare social\u0103.&nbsp;<\/p>\n\n\n\n<p>C\u0103l\u0103toriile, pe de alt\u0103 parte, v\u0103 \u00eendep\u0103rteaz\u0103 de tot ce \u00eenseamn\u0103 obliga\u021bii precum munca, \u0219coal\u0103 sau rutina zilnic\u0103 a familiei. Cu to\u021bii ve\u021bi avea mai mult timp pentru a vorbi, a v\u0103 juca \u0219i pentru a experimenta \u00eempreun\u0103 tot felul de aventuri.&nbsp;<\/p>\n\n\n\n<ol class=\"wp-block-list\" start=\"4\">\n<li><strong>Ve\u021bi construi amintiri&nbsp;\u00eempreun\u0103<\/strong><\/li>\n<\/ol>\n\n\n\n<p>Avantajul vacan\u021belor al\u0103turi de copii este \u0219i faptul c\u0103 ai tot timpul necesar pentru a te reconecta \u0219i pentru a face lucruri noi \u00eempreun\u0103 cu familia. Copiii vor interioriza toate aceste amintiri \u0219i le vor purta \u00een suflet chiar \u0219i atunci c\u00e2nd vor fi adul\u021bi. Vor ajunge, treptat, s\u0103 se bucure mai mult de experien\u021be, mai degrab\u0103 dec\u00e2t s\u0103-\u0219i doreasc\u0103 bunuri materiale.&nbsp;<\/p>\n\n\n\n<p>Zilele pe care le ve\u021bi petrece \u00eempreun\u0103 pe plaj\u0103 sau vizit\u00e2nd vestigii antice le vor deschide pasiunea pentru un stil de via\u021b\u0103 activ, petrecut \u00een aer liber.&nbsp;<\/p>\n\n\n\n<ol class=\"wp-block-list\" start=\"5\">\n<li><strong>Te po\u021bi relaxa, av\u00e2nd copiii al\u0103turi<\/strong><\/li>\n<\/ol>\n\n\n\n<p>Surprinz\u0103tor, chiar dac\u0103 o c\u0103l\u0103torie al\u0103turi de copii poate p\u0103rea obositoare, adev\u0103rul e c\u0103 e mult mai relaxant s\u0103 \u00eei ai l\u00e2ng\u0103 tine, mai ales dac\u0103 e\u0219ti genul de p\u0103rinte care se streseaz\u0103 din orice \u0219i st\u0103 cu telefonul mereu \u00een m\u00e2n\u0103 pentru a afla informa\u021bii despre cel mic. <\/p>\n\n\n\n<p>Doar a\u0219a po\u021bi s\u0103 \u0219tii \u00een permanen\u021b\u0103 ce fac, cum se simt, dac\u0103 au m\u00e2ncat \u0219i dac\u0103 sunt ferici\u021bi. O c\u0103l\u0103torie departe de copii poate presupune o grij\u0103 permanent\u0103 \u0219i, uneori, chiar scurtarea vacan\u021bei f\u0103r\u0103 motiv.&nbsp;<\/p>\n\n\n\n\n<div id=\"ad-block_38558bb2d9ae5929397f4882c0b06cef\" class=\"ad ad-inner ad-default paragraf-tip col-xs-12\">\n\t<div class=\"ad-content col-xs-12\">\n\t\tScap\u0103 de-o grij\u0103 \u0219i rezerv\u0103 acum vacan\u021ba ta \u00een Bulgaria cu doar 10% avans!\r\n\r\n&nbsp;\t\t\n\t\t\t\n\t\t\t\t<div class=\"ad-buttons btn-inline\">\n\t\t\t\t\t\t\t\t\t<a href=\"https:\/\/travelplanner.ro\/oferte-earlybooking-aprilie-bulgaria.html\" class=\"ad-button ad-button-content\" onclick=\"gtag('event', 'blog_cta_continut_tip_paragraf', {'event_category': 'Blog'});\">Oferte early booking Bulgaria <\/a>\n\t\t\t\n\t\t\t\t\t<\/div>\n\t\t\t\t\n\t<\/div>\n<\/div>\n\n\n<style type=\"text\/css\">\n\/* Ad tp *\/\n.ad-inner {\n    background-color: #EDEDEB;\n    padding: 15px 20px 5px 20px;\n}\n.ad-inner.paragraf-tip {\n    background-color: #fdfccb;\n    border-radius: 15px;\n}\n.ad-inner.ad-featured {\n\tborder-top: 4px solid #E4BA28;\n}\n.ad-content p {\n    margin-top: 0 !important;\n}\n.ad-content h1, \n.ad-content h2, \n.ad-content h3, \n.ad-content h4, \n.ad-content h5 {\n    margin-top: 0;\n    margin-bottom: 15px;\n    font-size: 18px;\n    font-weight: bold;\n    color: #000;\n}\n.ad-content ul, \n.ad-content ol {\n    margin-top: 15px;\n    margin-bottom: 15px;\n}\n.ad-inner {\n    margin-bottom: 25px;\n}\n.ad-buttons {\n    text-align: center;\n\tmargin-bottom: 15px;\n\tmargin-top: 10px;\n\t\n}\n\t.paragraf-tip .ad-button:hover {\n\t\tbackground:#1F2159;\n\t\tborder-color:#1F2159;\n\t\tcolor: #fff;\n\t}\n\t\n.paragraf-tip .ad-button {\n    background: #1F2159;\n\tfont-weight: 700 !important;\n    color: #fff;\n    padding: 9px 20px;\n    display: inline-block;\n    margin: 0px 8px;\n    font-weight: 500;\n    border-radius: 7px;\n    border: 1px solid #1F2159;\n    text-decoration: none !important;\n}\n.ad-button {\n    background: #e4bb28;\n\tfont-weight: 700 !important;\n    color: #000;\n    padding: 9px 20px;\n    display: inline-block;\n    margin: 0px 8px;\n    font-weight: 500;\n    border: 1px solid #e4bb28;\n    text-decoration: none !important;\n}\n.cta-btn {\n    padding-top: 12px;\n}\n.hotels-lista .hotel {\n\tmax-width: 230px;\n\twidth: 100%;\n}\n.cta-btn .ad-button {\n    padding: 6px 13px;\n\tmargin: 0;\n\ttext-align:center;\n}\n@media(max-width:495px) {\n\tbody .ad-button {\n\t\tfont-size: 18px !important;\n\t\twidth: 100%;\n\t\tmargin: 0;\n\t}\n}\n<\/style>\n\n\n\n<ol class=\"wp-block-list\" start=\"6\">\n<li><strong>Vei revedea lumea prin ochii celor mici<\/strong><\/li>\n<\/ol>\n\n\n\n<p>\u00cen mod evident, copiii sunt mai curio\u0219i dec\u00e2t adul\u021bii, iar asta te poate ajuta s\u0103 deschizi mai bine ochii la tot ce se \u00eent\u00e2mpl\u0103 \u00een jurul t\u0103u. Reac\u021biile entuziasmate ale celor mici te vor molipsi f\u0103r\u0103 \u00eendoial\u0103, iar sutele de \u00eentreb\u0103ri pe care le vor pune vor ajuta \u00eentreaga familie s\u0103 afle informa\u021bii noi.&nbsp;<\/p>\n\n\n\n<p>Totul este diferit atunci c\u00e2nd prive\u0219ti prin ochii copiilor. Nu mai exist\u0103 limite sau piedici, iar via\u021ba devine mai liber\u0103 \u0219i mai frumoas\u0103. C\u0103l\u0103torind al\u0103turi de copii, vei reg\u0103si bucuria lucrurilor mici.<\/p>\n\n\n\n<p>7.  <strong>Vacan\u021bele \u0219i c\u0103l\u0103toriile au un impact pozitiv asupra s\u0103n\u0103t\u0103\u021bii psihice a copiilor<\/strong><\/p>\n\n\n\n<p>Cei mici devin astfel mult mai adaptabili \u0219i mai flexibili, \u00eenva\u021b\u0103 s\u0103 priveasc\u0103 din mai multe perspective, \u00een\u021beleg diferen\u021bele \u00eentre culturi \u0219i obiceiuri, \u00eenva\u021b\u0103 mai u\u0219or limbi str\u0103ine, devin mai empatici \u0219i, \u00eentr-un final, chiar au rezultate mai bune la \u00eenv\u0103\u021b\u0103tur\u0103, pentru c\u0103 vacan\u021bele le stimuleaz\u0103 intelectul \u0219i dorin\u021ba de cunoa\u0219tere.<br>Po\u021bi citi mai multe informa\u021bii despre acest subiect \u00een articolul: <a href=\"https:\/\/travelplanner.ro\/blog\/beneficiile-vacantelor-pentru-copii\/\" target=\"_blank\" rel=\"noreferrer noopener\">Care sunt beneficiile vacantelor pentru copii si cum ii ajuta sa se dezvolte<\/a><\/p>\n\n\n\n<p><strong>HINT:<\/strong> <strong>Copiii au intrare gratuit\u0103 \u00een multe loca\u021bii turistice<\/strong><\/p>\n\n\n\n<p>Este un argument care trebuie luat \u00een considerare. Chiar dac\u0103 nu aveai \u00een plan s\u0103 vizita\u021bi anumite obiective turistice, ia totu\u0219i \u00een considerare faptul c\u0103 micu\u021bii pot intra la multe dintre obiective f\u0103r\u0103 costuri suplimentare<\/p>\n\n\n\n<div id=\"ad-block_bcdb0135dbeec452ce8e11d8aaca4289\" class=\"ad ad-inner ad-default paragraf-tip col-xs-12\">\n\t<div class=\"ad-content col-xs-12\">\n\t\t<p>Te a\u0219tept\u0103m pe <a href=\"https:\/\/travelplanner.ro\/\">site-ul nostru<\/a> pentru a afla cele mai interesante oferte pentru familiile cu copii, in destinatii apropiate de casa.<\/p>\n\t\t\n\t\t\t\t\n\t\t\t\t<div class=\"ad-buttons btn-inline\">\n\t\t\t\t\t\t\t\t\t<a href=\"https:\/\/travelplanner.ro\/\" class=\"ad-button ad-button-content\" onclick=\"gtag('event', 'blog_cta_continut_tip_paragraf', {'event_category': 'Blog'});\">Oferte vacante Travel Planner<\/a>\n\t\t\t\t\t\t\n\t\t\t\t\t<\/div>\n\t\t\t<\/div>\n<\/div>\n\n<style type=\"text\/css\">\n\/* Ad tp *\/\n.ad-inner {\n    background-color: #EDEDEB;\n    padding: 15px 20px 5px 20px;\n}\n.ad-inner.paragraf-tip {\n    background-color: #fdfccb;\n    border-radius: 15px;\n}\n.ad-inner.ad-featured {\n\tborder-top: 4px solid #E4BA28;\n}\n.ad-content p {\n    margin-top: 0 !important;\n}\n.ad-content h1, \n.ad-content h2, \n.ad-content h3, \n.ad-content h4, \n.ad-content h5 {\n    margin-top: 0;\n    margin-bottom: 15px;\n    font-size: 18px;\n    font-weight: bold;\n    color: #000;\n}\n.ad-content ul, \n.ad-content ol {\n    margin-top: 15px;\n    margin-bottom: 15px;\n}\n.ad-inner {\n    margin-bottom: 25px;\n}\n.ad-buttons {\n    text-align: center;\n\tmargin-bottom: 15px;\n\tmargin-top: 10px;\n\t\n}\n\t.paragraf-tip .ad-button:hover {\n\t\tbackground:#1F2159;\n\t\tborder-color:#1F2159;\n\t\tcolor: #fff;\n\t}\n\t\n.paragraf-tip .ad-button {\n    background: #1F2159;\n\tfont-weight: 700 !important;\n    color: #fff;\n    padding: 9px 20px;\n    display: inline-block;\n    margin: 0px 8px;\n    font-weight: 500;\n    border-radius: 7px;\n    border: 1px solid #1F2159;\n    text-decoration: none !important;\n}\n.ad-button {\n    background: #e4bb28;\n\tfont-weight: 700 !important;\n    color: #000;\n    padding: 9px 20px;\n    display: inline-block;\n    margin: 0px 8px;\n    font-weight: 500;\n    border: 1px solid #e4bb28;\n    text-decoration: none !important;\n}\n.cta-btn {\n    padding-top: 12px;\n}\n.hotels-lista .hotel {\n\tmax-width: 230px;\n\twidth: 100%;\n}\n.cta-btn .ad-button {\n    padding: 6px 13px;\n\tmargin: 0;\n\ttext-align:center;\n}\n@media(max-width:495px) {\n\tbody .ad-button {\n\t\tfont-size: 18px !important;\n\t\twidth: 100%;\n\t\tmargin: 0;\n\t}\n}\n<\/style>\n\n\n\n<h2 class=\"wp-block-heading\"><span class=\"ez-toc-section\" id=\"Alte_articole_care_te_pot_interesa\"><\/span><strong>Alte articole care te pot interesa<\/strong><span class=\"ez-toc-section-end\"><\/span><\/h2>\n\n\n\n<ul class=\"wp-block-list\">\n<li><a href=\"https:\/\/travelplanner.ro\/blog\/beneficii-vacante-in-familie-cu-copiii\/\" target=\"_blank\" rel=\"noreferrer noopener\">Argumente pro vacante in familie, impreuna cu copiii. De ce sa iei micutii cu tine in concediu?<\/a><\/li>\n\n\n\n<li><a href=\"https:\/\/travelplanner.ro\/blog\/vacanta-cu-copiii-cum-sa-o-faci-reusita\/\">Vacanta cu copii<\/a><a href=\"https:\/\/travelplanner.ro\/blog\/vacanta-cu-copiii-cum-sa-o-faci-reusita\/\" target=\"_blank\" rel=\"noreferrer noopener\">i<\/a><a href=\"https:\/\/travelplanner.ro\/blog\/vacanta-cu-copiii-cum-sa-o-faci-reusita\/\">. Principalele aspecte pe care ar trebui sa le iei in considerare pentru o experienta reusita<\/a><\/li>\n\n\n\n<li><a href=\"https:\/\/travelplanner.ro\/blog\/beneficiile-vacantelor-pentru-copii\/\" target=\"_blank\" rel=\"noreferrer noopener\">Care sunt beneficiile vacantelor pentru copii si cum ii ajuta sa se dezvolte<\/a><\/li>\n\n\n\n<li><a href=\"https:\/\/travelplanner.ro\/blog\/cum-ii-pregatim-pe-copii-si-ce-le-spunem-inainte-de-vacanta\/\" target=\"_blank\" rel=\"noreferrer noopener\">Cum ii pregatim pe copii si ce le spunem inainte de vacanta?<\/a><\/li>\n\n\n\n<li><a href=\"https:\/\/travelplanner.ro\/blog\/pro-si-contra-vacante-in-cuplu-sau-cu-copiii\/\" target=\"_blank\" rel=\"noreferrer noopener\">Vacante in cuplu sau impreuna cu copiii? Argumente pro si contra<\/a><\/li>\n\n\n\n<li><a href=\"https:\/\/travelplanner.ro\/blog\/cum-implicam-copiii-in-alegerea-vacantelor\/\" target=\"_blank\" rel=\"noreferrer noopener\">Cum ii implicam pe copii in alegerea vacantelor? 8 sfaturi practice<\/a><\/li>\n\n\n\n<li><a href=\"https:\/\/travelplanner.ro\/blog\/cu-bunicii-si-copiii-in-vacanta-motive-si-activitati-impreuna\/\" target=\"_blank\" rel=\"noreferrer noopener\">Cu bunicii si copiii in vacanta. Motive pentru o vacanta cu toata familia si idei de activitati pe care sa le faceti impreuna<\/a><\/li>\n<\/ul>\n","protected":false},"excerpt":{"rendered":"<p>C\u0103l\u0103toriile pot reuni familia \u00eencep\u00e2nd chiar cu etapa de planificare. Discu\u021biile despre destina\u021bia potrivit\u0103, stabilirea mijlocului de transport \u0219i chiar alegerea perioadei &#8230;<\/p>\n","protected":false},"author":10,"featured_media":3318,"comment_status":"closed","ping_status":"closed","sticky":false,"template":"","format":"standard","meta":{"_acf_changed":false,"footnotes":""},"categories":[2343],"tags":[],"class_list":["post-3202","post","type-post","status-publish","format-standard","has-post-thumbnail","hentry","category-vacanta-impreuna-cu-familia"],"acf":[],"yoast_head":"<!-- This site is optimized with the Yoast SEO Premium plugin v24.2 (Yoast SEO v24.2) - https:\/\/yoast.com\/wordpress\/plugins\/seo\/ -->\n<title>Argumente pro vacante in familie, impreuna cu copiii. De ce sa iei micutii cu tine in concediu? - Blog TravelPlanner.ro<\/title>\n<meta name=\"robots\" content=\"index, follow, max-snippet:-1, max-image-preview:large, max-video-preview:-1\" \/>\n<link rel=\"canonical\" href=\"https:\/\/travelplanner.ro\/blog\/beneficii-vacante-in-familie-cu-copiii\/\" \/>\n<meta property=\"og:locale\" content=\"en_US\" \/>\n<meta property=\"og:type\" content=\"article\" \/>\n<meta property=\"og:title\" content=\"Argumente pro vacante in familie, impreuna cu copiii. De ce sa iei micutii cu tine in concediu?\" \/>\n<meta property=\"og:description\" content=\"C\u0103l\u0103toriile pot reuni familia \u00eencep\u00e2nd chiar cu etapa de planificare. Discu\u021biile despre destina\u021bia potrivit\u0103, stabilirea mijlocului de transport \u0219i chiar alegerea perioadei ...\" \/>\n<meta property=\"og:url\" content=\"https:\/\/travelplanner.ro\/blog\/beneficii-vacante-in-familie-cu-copiii\/\" \/>\n<meta property=\"og:site_name\" content=\"Blog TravelPlanner.ro\" \/>\n<meta property=\"article:publisher\" content=\"https:\/\/www.facebook.com\/TravelPlanner.ro\" \/>\n<meta property=\"article:published_time\" content=\"2026-01-05T22:20:00+00:00\" \/>\n<meta property=\"article:modified_time\" content=\"2026-01-23T07:41:07+00:00\" \/>\n<meta property=\"og:image\" content=\"https:\/\/travelplanner.ro\/blog\/wp-content\/uploads\/2021\/04\/familie-fericita.jpg\" \/>\n\t<meta property=\"og:image:width\" content=\"1000\" \/>\n\t<meta property=\"og:image:height\" content=\"667\" \/>\n\t<meta property=\"og:image:type\" content=\"image\/jpeg\" \/>\n<meta name=\"author\" content=\"Ana Maria Mitrus\" \/>\n<meta name=\"twitter:card\" content=\"summary_large_image\" \/>\n<meta name=\"twitter:label1\" content=\"Written by\" \/>\n\t<meta name=\"twitter:data1\" content=\"Ana Maria Mitrus\" \/>\n\t<meta name=\"twitter:label2\" content=\"Est. reading time\" \/>\n\t<meta name=\"twitter:data2\" content=\"5 minutes\" \/>\n<script type=\"application\/ld+json\" class=\"yoast-schema-graph\">{\"@context\":\"https:\/\/schema.org\",\"@graph\":[{\"@type\":\"Article\",\"@id\":\"https:\/\/travelplanner.ro\/blog\/beneficii-vacante-in-familie-cu-copiii\/#article\",\"isPartOf\":{\"@id\":\"https:\/\/travelplanner.ro\/blog\/beneficii-vacante-in-familie-cu-copiii\/\"},\"author\":{\"name\":\"Ana Maria Mitrus\",\"@id\":\"https:\/\/travelplanner.ro\/blog\/#\/schema\/person\/f59729b6aea181cfb22cf784d9e2ad29\"},\"headline\":\"Argumente pro vacante in familie, impreuna cu copiii. De ce sa iei micutii cu tine in concediu?\",\"datePublished\":\"2026-01-05T22:20:00+00:00\",\"dateModified\":\"2026-01-23T07:41:07+00:00\",\"mainEntityOfPage\":{\"@id\":\"https:\/\/travelplanner.ro\/blog\/beneficii-vacante-in-familie-cu-copiii\/\"},\"wordCount\":1114,\"publisher\":{\"@id\":\"https:\/\/travelplanner.ro\/blog\/#organization\"},\"image\":{\"@id\":\"https:\/\/travelplanner.ro\/blog\/beneficii-vacante-in-familie-cu-copiii\/#primaryimage\"},\"thumbnailUrl\":\"https:\/\/travelplanner.ro\/blog\/wp-content\/uploads\/2021\/04\/familie-fericita.jpg\",\"articleSection\":[\"Vacanta cu familia\"],\"inLanguage\":\"en-US\"},{\"@type\":\"WebPage\",\"@id\":\"https:\/\/travelplanner.ro\/blog\/beneficii-vacante-in-familie-cu-copiii\/\",\"url\":\"https:\/\/travelplanner.ro\/blog\/beneficii-vacante-in-familie-cu-copiii\/\",\"name\":\"Argumente pro vacante in familie, impreuna cu copiii. De ce sa iei micutii cu tine in concediu? - Blog TravelPlanner.ro\",\"isPartOf\":{\"@id\":\"https:\/\/travelplanner.ro\/blog\/#website\"},\"primaryImageOfPage\":{\"@id\":\"https:\/\/travelplanner.ro\/blog\/beneficii-vacante-in-familie-cu-copiii\/#primaryimage\"},\"image\":{\"@id\":\"https:\/\/travelplanner.ro\/blog\/beneficii-vacante-in-familie-cu-copiii\/#primaryimage\"},\"thumbnailUrl\":\"https:\/\/travelplanner.ro\/blog\/wp-content\/uploads\/2021\/04\/familie-fericita.jpg\",\"datePublished\":\"2026-01-05T22:20:00+00:00\",\"dateModified\":\"2026-01-23T07:41:07+00:00\",\"breadcrumb\":{\"@id\":\"https:\/\/travelplanner.ro\/blog\/beneficii-vacante-in-familie-cu-copiii\/#breadcrumb\"},\"inLanguage\":\"en-US\",\"potentialAction\":[{\"@type\":\"ReadAction\",\"target\":[\"https:\/\/travelplanner.ro\/blog\/beneficii-vacante-in-familie-cu-copiii\/\"]}]},{\"@type\":\"ImageObject\",\"inLanguage\":\"en-US\",\"@id\":\"https:\/\/travelplanner.ro\/blog\/beneficii-vacante-in-familie-cu-copiii\/#primaryimage\",\"url\":\"https:\/\/travelplanner.ro\/blog\/wp-content\/uploads\/2021\/04\/familie-fericita.jpg\",\"contentUrl\":\"https:\/\/travelplanner.ro\/blog\/wp-content\/uploads\/2021\/04\/familie-fericita.jpg\",\"width\":1000,\"height\":667,\"caption\":\"familie fericita pe plaja\"},{\"@type\":\"BreadcrumbList\",\"@id\":\"https:\/\/travelplanner.ro\/blog\/beneficii-vacante-in-familie-cu-copiii\/#breadcrumb\",\"itemListElement\":[{\"@type\":\"ListItem\",\"position\":1,\"name\":\"TravelPlanner.ro\",\"item\":\"https:\/\/travelplanner.ro\/\"},{\"@type\":\"ListItem\",\"position\":2,\"name\":\"Blog\",\"item\":\"https:\/\/travelplanner.ro\/blog\/\"},{\"@type\":\"ListItem\",\"position\":3,\"name\":\"Vacanta cu familia\",\"item\":\"https:\/\/travelplanner.ro\/blog\/vacanta-impreuna-cu-familia\/\"},{\"@type\":\"ListItem\",\"position\":4,\"name\":\"Argumente pro vacante in familie, impreuna cu copiii. De ce sa iei micutii cu tine in concediu?\"}]},{\"@type\":\"WebSite\",\"@id\":\"https:\/\/travelplanner.ro\/blog\/#website\",\"url\":\"https:\/\/travelplanner.ro\/blog\/\",\"name\":\"Blog TravelPlanner.ro\",\"description\":\"We plan, you travel\",\"publisher\":{\"@id\":\"https:\/\/travelplanner.ro\/blog\/#organization\"},\"potentialAction\":[{\"@type\":\"SearchAction\",\"target\":{\"@type\":\"EntryPoint\",\"urlTemplate\":\"https:\/\/travelplanner.ro\/blog\/?s={search_term_string}\"},\"query-input\":{\"@type\":\"PropertyValueSpecification\",\"valueRequired\":true,\"valueName\":\"search_term_string\"}}],\"inLanguage\":\"en-US\"},{\"@type\":\"Organization\",\"@id\":\"https:\/\/travelplanner.ro\/blog\/#organization\",\"name\":\"Travel Planner\",\"url\":\"https:\/\/travelplanner.ro\/blog\/\",\"logo\":{\"@type\":\"ImageObject\",\"inLanguage\":\"en-US\",\"@id\":\"https:\/\/travelplanner.ro\/blog\/#\/schema\/logo\/image\/\",\"url\":\"https:\/\/travelplanner.ro\/blog\/wp-content\/uploads\/2019\/04\/logo.jpg\",\"contentUrl\":\"https:\/\/travelplanner.ro\/blog\/wp-content\/uploads\/2019\/04\/logo.jpg\",\"width\":483,\"height\":483,\"caption\":\"Travel Planner\"},\"image\":{\"@id\":\"https:\/\/travelplanner.ro\/blog\/#\/schema\/logo\/image\/\"},\"sameAs\":[\"https:\/\/www.facebook.com\/TravelPlanner.ro\",\"https:\/\/www.instagram.com\/travelplanner.ro\/\",\"https:\/\/www.linkedin.com\/company\/travel-planner\/\",\"https:\/\/www.youtube.com\/c\/TravelPlannerBucure\u0219ti\/\"]},{\"@type\":\"Person\",\"@id\":\"https:\/\/travelplanner.ro\/blog\/#\/schema\/person\/f59729b6aea181cfb22cf784d9e2ad29\",\"name\":\"Ana Maria Mitrus\",\"image\":{\"@type\":\"ImageObject\",\"inLanguage\":\"en-US\",\"@id\":\"https:\/\/travelplanner.ro\/blog\/#\/schema\/person\/image\/\",\"url\":\"https:\/\/secure.gravatar.com\/avatar\/d3ba72e4817b4f28e20d70a68b237743?s=96&d=mm&r=g\",\"contentUrl\":\"https:\/\/secure.gravatar.com\/avatar\/d3ba72e4817b4f28e20d70a68b237743?s=96&d=mm&r=g\",\"caption\":\"Ana Maria Mitrus\"},\"url\":\"https:\/\/travelplanner.ro\/blog\/author\/ana-maria-mitrus\/\"}]}<\/script>\n<!-- \/ Yoast SEO Premium plugin. -->","yoast_head_json":{"title":"Argumente pro vacante in familie, impreuna cu copiii. De ce sa iei micutii cu tine in concediu? - Blog TravelPlanner.ro","robots":{"index":"index","follow":"follow","max-snippet":"max-snippet:-1","max-image-preview":"max-image-preview:large","max-video-preview":"max-video-preview:-1"},"canonical":"https:\/\/travelplanner.ro\/blog\/beneficii-vacante-in-familie-cu-copiii\/","og_locale":"en_US","og_type":"article","og_title":"Argumente pro vacante in familie, impreuna cu copiii. De ce sa iei micutii cu tine in concediu?","og_description":"C\u0103l\u0103toriile pot reuni familia \u00eencep\u00e2nd chiar cu etapa de planificare. Discu\u021biile despre destina\u021bia potrivit\u0103, stabilirea mijlocului de transport \u0219i chiar alegerea perioadei ...","og_url":"https:\/\/travelplanner.ro\/blog\/beneficii-vacante-in-familie-cu-copiii\/","og_site_name":"Blog TravelPlanner.ro","article_publisher":"https:\/\/www.facebook.com\/TravelPlanner.ro","article_published_time":"2026-01-05T22:20:00+00:00","article_modified_time":"2026-01-23T07:41:07+00:00","og_image":[{"width":1000,"height":667,"url":"https:\/\/travelplanner.ro\/blog\/wp-content\/uploads\/2021\/04\/familie-fericita.jpg","type":"image\/jpeg"}],"author":"Ana Maria Mitrus","twitter_card":"summary_large_image","twitter_misc":{"Written by":"Ana Maria Mitrus","Est. reading time":"5 minutes"},"schema":{"@context":"https:\/\/schema.org","@graph":[{"@type":"Article","@id":"https:\/\/travelplanner.ro\/blog\/beneficii-vacante-in-familie-cu-copiii\/#article","isPartOf":{"@id":"https:\/\/travelplanner.ro\/blog\/beneficii-vacante-in-familie-cu-copiii\/"},"author":{"name":"Ana Maria Mitrus","@id":"https:\/\/travelplanner.ro\/blog\/#\/schema\/person\/f59729b6aea181cfb22cf784d9e2ad29"},"headline":"Argumente pro vacante in familie, impreuna cu copiii. De ce sa iei micutii cu tine in concediu?","datePublished":"2026-01-05T22:20:00+00:00","dateModified":"2026-01-23T07:41:07+00:00","mainEntityOfPage":{"@id":"https:\/\/travelplanner.ro\/blog\/beneficii-vacante-in-familie-cu-copiii\/"},"wordCount":1114,"publisher":{"@id":"https:\/\/travelplanner.ro\/blog\/#organization"},"image":{"@id":"https:\/\/travelplanner.ro\/blog\/beneficii-vacante-in-familie-cu-copiii\/#primaryimage"},"thumbnailUrl":"https:\/\/travelplanner.ro\/blog\/wp-content\/uploads\/2021\/04\/familie-fericita.jpg","articleSection":["Vacanta cu familia"],"inLanguage":"en-US"},{"@type":"WebPage","@id":"https:\/\/travelplanner.ro\/blog\/beneficii-vacante-in-familie-cu-copiii\/","url":"https:\/\/travelplanner.ro\/blog\/beneficii-vacante-in-familie-cu-copiii\/","name":"Argumente pro vacante in familie, impreuna cu copiii. De ce sa iei micutii cu tine in concediu? - Blog TravelPlanner.ro","isPartOf":{"@id":"https:\/\/travelplanner.ro\/blog\/#website"},"primaryImageOfPage":{"@id":"https:\/\/travelplanner.ro\/blog\/beneficii-vacante-in-familie-cu-copiii\/#primaryimage"},"image":{"@id":"https:\/\/travelplanner.ro\/blog\/beneficii-vacante-in-familie-cu-copiii\/#primaryimage"},"thumbnailUrl":"https:\/\/travelplanner.ro\/blog\/wp-content\/uploads\/2021\/04\/familie-fericita.jpg","datePublished":"2026-01-05T22:20:00+00:00","dateModified":"2026-01-23T07:41:07+00:00","breadcrumb":{"@id":"https:\/\/travelplanner.ro\/blog\/beneficii-vacante-in-familie-cu-copiii\/#breadcrumb"},"inLanguage":"en-US","potentialAction":[{"@type":"ReadAction","target":["https:\/\/travelplanner.ro\/blog\/beneficii-vacante-in-familie-cu-copiii\/"]}]},{"@type":"ImageObject","inLanguage":"en-US","@id":"https:\/\/travelplanner.ro\/blog\/beneficii-vacante-in-familie-cu-copiii\/#primaryimage","url":"https:\/\/travelplanner.ro\/blog\/wp-content\/uploads\/2021\/04\/familie-fericita.jpg","contentUrl":"https:\/\/travelplanner.ro\/blog\/wp-content\/uploads\/2021\/04\/familie-fericita.jpg","width":1000,"height":667,"caption":"familie fericita pe plaja"},{"@type":"BreadcrumbList","@id":"https:\/\/travelplanner.ro\/blog\/beneficii-vacante-in-familie-cu-copiii\/#breadcrumb","itemListElement":[{"@type":"ListItem","position":1,"name":"TravelPlanner.ro","item":"https:\/\/travelplanner.ro\/"},{"@type":"ListItem","position":2,"name":"Blog","item":"https:\/\/travelplanner.ro\/blog\/"},{"@type":"ListItem","position":3,"name":"Vacanta cu familia","item":"https:\/\/travelplanner.ro\/blog\/vacanta-impreuna-cu-familia\/"},{"@type":"ListItem","position":4,"name":"Argumente pro vacante in familie, impreuna cu copiii. De ce sa iei micutii cu tine in concediu?"}]},{"@type":"WebSite","@id":"https:\/\/travelplanner.ro\/blog\/#website","url":"https:\/\/travelplanner.ro\/blog\/","name":"Blog TravelPlanner.ro","description":"We plan, you travel","publisher":{"@id":"https:\/\/travelplanner.ro\/blog\/#organization"},"potentialAction":[{"@type":"SearchAction","target":{"@type":"EntryPoint","urlTemplate":"https:\/\/travelplanner.ro\/blog\/?s={search_term_string}"},"query-input":{"@type":"PropertyValueSpecification","valueRequired":true,"valueName":"search_term_string"}}],"inLanguage":"en-US"},{"@type":"Organization","@id":"https:\/\/travelplanner.ro\/blog\/#organization","name":"Travel Planner","url":"https:\/\/travelplanner.ro\/blog\/","logo":{"@type":"ImageObject","inLanguage":"en-US","@id":"https:\/\/travelplanner.ro\/blog\/#\/schema\/logo\/image\/","url":"https:\/\/travelplanner.ro\/blog\/wp-content\/uploads\/2019\/04\/logo.jpg","contentUrl":"https:\/\/travelplanner.ro\/blog\/wp-content\/uploads\/2019\/04\/logo.jpg","width":483,"height":483,"caption":"Travel Planner"},"image":{"@id":"https:\/\/travelplanner.ro\/blog\/#\/schema\/logo\/image\/"},"sameAs":["https:\/\/www.facebook.com\/TravelPlanner.ro","https:\/\/www.instagram.com\/travelplanner.ro\/","https:\/\/www.linkedin.com\/company\/travel-planner\/","https:\/\/www.youtube.com\/c\/TravelPlannerBucure\u0219ti\/"]},{"@type":"Person","@id":"https:\/\/travelplanner.ro\/blog\/#\/schema\/person\/f59729b6aea181cfb22cf784d9e2ad29","name":"Ana Maria Mitrus","image":{"@type":"ImageObject","inLanguage":"en-US","@id":"https:\/\/travelplanner.ro\/blog\/#\/schema\/person\/image\/","url":"https:\/\/secure.gravatar.com\/avatar\/d3ba72e4817b4f28e20d70a68b237743?s=96&d=mm&r=g","contentUrl":"https:\/\/secure.gravatar.com\/avatar\/d3ba72e4817b4f28e20d70a68b237743?s=96&d=mm&r=g","caption":"Ana Maria Mitrus"},"url":"https:\/\/travelplanner.ro\/blog\/author\/ana-maria-mitrus\/"}]}},"_links":{"self":[{"href":"https:\/\/travelplanner.ro\/blog\/wp-json\/wp\/v2\/posts\/3202","targetHints":{"allow":["GET"]}}],"collection":[{"href":"https:\/\/travelplanner.ro\/blog\/wp-json\/wp\/v2\/posts"}],"about":[{"href":"https:\/\/travelplanner.ro\/blog\/wp-json\/wp\/v2\/types\/post"}],"author":[{"embeddable":true,"href":"https:\/\/travelplanner.ro\/blog\/wp-json\/wp\/v2\/users\/10"}],"replies":[{"embeddable":true,"href":"https:\/\/travelplanner.ro\/blog\/wp-json\/wp\/v2\/comments?post=3202"}],"version-history":[{"count":14,"href":"https:\/\/travelplanner.ro\/blog\/wp-json\/wp\/v2\/posts\/3202\/revisions"}],"predecessor-version":[{"id":17217,"href":"https:\/\/travelplanner.ro\/blog\/wp-json\/wp\/v2\/posts\/3202\/revisions\/17217"}],"wp:featuredmedia":[{"embeddable":true,"href":"https:\/\/travelplanner.ro\/blog\/wp-json\/wp\/v2\/media\/3318"}],"wp:attachment":[{"href":"https:\/\/travelplanner.ro\/blog\/wp-json\/wp\/v2\/media?parent=3202"}],"wp:term":[{"taxonomy":"category","embeddable":true,"href":"https:\/\/travelplanner.ro\/blog\/wp-json\/wp\/v2\/categories?post=3202"},{"taxonomy":"post_tag","embeddable":true,"href":"https:\/\/travelplanner.ro\/blog\/wp-json\/wp\/v2\/tags?post=3202"}],"curies":[{"name":"wp","href":"https:\/\/api.w.org\/{rel}","templated":true}]}}