{"id":423,"date":"2013-04-01T12:39:08","date_gmt":"2013-04-01T12:39:08","guid":{"rendered":"http:\/\/www.travelplanner.ro\/blog\/?p=423"},"modified":"2025-01-20T12:04:01","modified_gmt":"2025-01-20T12:04:01","slug":"ultimul-hotel-din-albena-gergana-4-de-daniel-osmanovici","status":"publish","type":"post","link":"https:\/\/travelplanner.ro\/blog\/ultimul-hotel-din-albena-gergana-4-de-daniel-osmanovici\/","title":{"rendered":"Experienta mea la hotelul Gergana Albena &#8211; de Daniel Osmanovici"},"content":{"rendered":"\n<p>Marea este elementul \u00een jurul caruia se \u201e\u00eenv\u00e2rt\u201d vacantele de vara. Cu totul \u00eent\u00e2mplator am ajuns pe mult laudatul <a href=\"https:\/\/travelplanner.ro\/vacante-litoral-bulgaria\" target=\"_blank\" rel=\"noreferrer noopener\">litoral bulgaresc<\/a> si trebuie sa &nbsp;recunosc ca am fost placut impresionat.<\/p>\n\n\n\n<p>Sunt multe statiuni pe malul bulgaresc si au \u00eentr-o oarecare masura si un specific. Unele se adreseaza tinerilor si celor care doresc \u201egalagie\u201d, iar restul&#8230; celorlalti (adica celor cu familii si care doresc liniste). Eu am ajuns \u00een statiunea Albena, incadrandu-ma in ce-a de-a doua categorie. Aici poti gasi <a href=\"https:\/\/travelplanner.ro\/cazare-albena-bulgaria\" target=\"_blank\" rel=\"noreferrer noopener\">ofertele penru o vacanta in Albena<\/a> Cazarea&#8230; ultimul hotel din Albena, in capatul sudic al statiunii \u2013 Hotelul Gergana.<\/p>\n\n\n\n<p>Stiam de pe net ca e vorba despre un hotel de 4 stele, proaspat renovat, 10 etaje, 293&nbsp;de camere (duble, single, apartament cu 2 si 4 paturisi mezonete cu 2 paturi) aflat la contactul dintre mare si rezervatia naturala Baltata. Fotografiile de pe Internet nu reusesc sa transmita cu adevarat frumusetea locului, iar impresiile erau \u00eempartite. \u00cen ceea ce ma priveste, va spun doar ca m-as \u00eentoarce oric\u00e2nd cu placere aici!<\/p>\n\n\n\n<p>O parte a hotelului este pozitionat spre mare, iar cealalta spre padure (evident exista si o latura ce \u00eembina cele doua privelisti). Chiar pe l\u00e2nga hotel trece si un r\u00e2u (ce formeaza ochiuri de apa si mlastini \u00een padure) ce se scurge la nici 50 de m \u00een mare. Intrarea si zona de lobby este g\u00e2ndita ca un loc de relaxare, cu tente rustice, unde poti servi o bautura sau privi la televizor. Intentia a fost bine pusa \u00een practica, caci ai parte de racoarea padurii, ba chiar ai senzatia ca nu mai esti la malul marii. Restaurantul dispune de o oferta culinara generoasa, numai buna pentru gurmanzi.<\/p>\n\n\n\n\n<div id=\"ad-block_7c422fd6fa4c1bb8f946d409c7d59419\" class=\"ad ad-inner ad-default paragraf-tip col-xs-12\">\n\t<div class=\"ad-content col-xs-12\">\n\t\tScap\u0103 de-o grij\u0103 \u0219i rezerv\u0103 acum vacan\u021ba ta \u00een Bulgaria cu doar 10% avans!\r\n\r\n&nbsp;\t\t\n\t\t\t\n\t\t\t\t<div class=\"ad-buttons btn-inline\">\n\t\t\t\t\t\t\t\t\t<a href=\"https:\/\/travelplanner.ro\/oferte-earlybooking-aprilie-bulgaria.html\" class=\"ad-button ad-button-content\" onclick=\"gtag('event', 'blog_cta_continut_tip_paragraf', {'event_category': 'Blog'});\">Oferte early booking Bulgaria <\/a>\n\t\t\t\n\t\t\t\t\t<\/div>\n\t\t\t\t\n\t<\/div>\n<\/div>\n\n\n<style type=\"text\/css\">\n\/* Ad tp *\/\n.ad-inner {\n    background-color: #EDEDEB;\n    padding: 15px 20px 5px 20px;\n}\n.ad-inner.paragraf-tip {\n    background-color: #fdfccb;\n    border-radius: 15px;\n}\n.ad-inner.ad-featured {\n\tborder-top: 4px solid #E4BA28;\n}\n.ad-content p {\n    margin-top: 0 !important;\n}\n.ad-content h1, \n.ad-content h2, \n.ad-content h3, \n.ad-content h4, \n.ad-content h5 {\n    margin-top: 0;\n    margin-bottom: 15px;\n    font-size: 18px;\n    font-weight: bold;\n    color: #000;\n}\n.ad-content ul, \n.ad-content ol {\n    margin-top: 15px;\n    margin-bottom: 15px;\n}\n.ad-inner {\n    margin-bottom: 25px;\n}\n.ad-buttons {\n    text-align: center;\n\tmargin-bottom: 15px;\n\tmargin-top: 10px;\n\t\n}\n\t.paragraf-tip .ad-button:hover {\n\t\tbackground:#1F2159;\n\t\tborder-color:#1F2159;\n\t\tcolor: #fff;\n\t}\n\t\n.paragraf-tip .ad-button {\n    background: #1F2159;\n\tfont-weight: 700 !important;\n    color: #fff;\n    padding: 9px 20px;\n    display: inline-block;\n    margin: 0px 8px;\n    font-weight: 500;\n    border-radius: 7px;\n    border: 1px solid #1F2159;\n    text-decoration: none !important;\n}\n.ad-button {\n    background: #e4bb28;\n\tfont-weight: 700 !important;\n    color: #000;\n    padding: 9px 20px;\n    display: inline-block;\n    margin: 0px 8px;\n    font-weight: 500;\n    border: 1px solid #e4bb28;\n    text-decoration: none !important;\n}\n.cta-btn {\n    padding-top: 12px;\n}\n.hotels-lista .hotel {\n\tmax-width: 230px;\n\twidth: 100%;\n}\n.cta-btn .ad-button {\n    padding: 6px 13px;\n\tmargin: 0;\n\ttext-align:center;\n}\n@media(max-width:495px) {\n\tbody .ad-button {\n\t\tfont-size: 18px !important;\n\t\twidth: 100%;\n\t\tmargin: 0;\n\t}\n}\n<\/style>\n\n\n\n<p>Este dotat cu aer conditionat si o terasa mare, \u00een total peste 1.000 de locuri. Oferta se completeaza cu batuturile de la bar-reci\/calde, alcoolice\/nonalcoolice, locale\/import. Este lesne de intuit ca pachetele turistice sunt all inclusive: cazare, masa bauturi, 2 sezlonguri si o umbrela de soare per camera, acces la piscina. Relaxarea poate fi completata cu o sedinta de masaj, coafura, frizerie, manichiura sau pedichiura. Sunt servicii contra cost, ca si \u00eenchirierea unei biciclete sau o calatorie cu barca prin rezervatie.<\/p>\n\n\n\n<p>Daca ati m\u00e2ncat prea mult si doriti sa va pastrati silueta, puteti sa mergeti la sala de fitness sau sa faceti o plimbare prin statiune (cel putin 2 ore fara sa repeti traseul). Dupa cum spuneam si la \u00eenceputul articolului \u201em-as \u00eentoarce oric\u00e2nd cu placere\u201d! Inainte sa iei in calcul o vacanta aici ar fi bine sa vezi aici detalii <a href=\"https:\/\/travelplanner.ro\/blog\/aproape-totul-despre-albena\/\" target=\"_blank\" rel=\"noreferrer noopener\">despre statiunea Albena<\/a>. A consemnat: Daniel OSMANOVICI<\/p>\n\n\n\n<div id=\"ad-block_d96a64298ef4bc7ecfd100b1156c08a7\" class=\"ad ad-inner ad-default paragraf-tip col-xs-12\">\n\t<div class=\"ad-content col-xs-12\">\n\t\t<p>Daca si tu esti interesat sa-ti petreci concediul in aceasta statiune de pe litoralul bulgaresc, iti recomandam sa intri la noi pe site, unde poti gasi cele mai bune oferte de cazare la hoteluri din Albena, cu peste 35 de variante din care sa poti selecta ce ti se potriveste mai bine!<\/p>\n\t\t\n\t\t\t\t\n\t\t\t\t<div class=\"ad-buttons btn-inline\">\n\t\t\t\t\t\t\t\t\t<a href=\"https:\/\/travelplanner.ro\/cazare-albena-bulgaria\" class=\"ad-button ad-button-content\" onclick=\"gtag('event', 'blog_cta_continut_tip_paragraf', {'event_category': 'Blog'});\">Vacante in Albena <\/a>\n\t\t\t\t\t\t\n\t\t\t\t\t<\/div>\n\t\t\t<\/div>\n<\/div>\n\n<style type=\"text\/css\">\n\/* Ad tp *\/\n.ad-inner {\n    background-color: #EDEDEB;\n    padding: 15px 20px 5px 20px;\n}\n.ad-inner.paragraf-tip {\n    background-color: #fdfccb;\n    border-radius: 15px;\n}\n.ad-inner.ad-featured {\n\tborder-top: 4px solid #E4BA28;\n}\n.ad-content p {\n    margin-top: 0 !important;\n}\n.ad-content h1, \n.ad-content h2, \n.ad-content h3, \n.ad-content h4, \n.ad-content h5 {\n    margin-top: 0;\n    margin-bottom: 15px;\n    font-size: 18px;\n    font-weight: bold;\n    color: #000;\n}\n.ad-content ul, \n.ad-content ol {\n    margin-top: 15px;\n    margin-bottom: 15px;\n}\n.ad-inner {\n    margin-bottom: 25px;\n}\n.ad-buttons {\n    text-align: center;\n\tmargin-bottom: 15px;\n\tmargin-top: 10px;\n\t\n}\n\t.paragraf-tip .ad-button:hover {\n\t\tbackground:#1F2159;\n\t\tborder-color:#1F2159;\n\t\tcolor: #fff;\n\t}\n\t\n.paragraf-tip .ad-button {\n    background: #1F2159;\n\tfont-weight: 700 !important;\n    color: #fff;\n    padding: 9px 20px;\n    display: inline-block;\n    margin: 0px 8px;\n    font-weight: 500;\n    border-radius: 7px;\n    border: 1px solid #1F2159;\n    text-decoration: none !important;\n}\n.ad-button {\n    background: #e4bb28;\n\tfont-weight: 700 !important;\n    color: #000;\n    padding: 9px 20px;\n    display: inline-block;\n    margin: 0px 8px;\n    font-weight: 500;\n    border: 1px solid #e4bb28;\n    text-decoration: none !important;\n}\n.cta-btn {\n    padding-top: 12px;\n}\n.hotels-lista .hotel {\n\tmax-width: 230px;\n\twidth: 100%;\n}\n.cta-btn .ad-button {\n    padding: 6px 13px;\n\tmargin: 0;\n\ttext-align:center;\n}\n@media(max-width:495px) {\n\tbody .ad-button {\n\t\tfont-size: 18px !important;\n\t\twidth: 100%;\n\t\tmargin: 0;\n\t}\n}\n<\/style>\n\n\n\n<p><strong>Alte articole despre Albena:<\/strong><\/p>\n\n\n\n<ul class=\"wp-block-list\">\n<li><a href=\"https:\/\/travelplanner.ro\/blog\/aproape-totul-despre-albena\/\" target=\"_blank\" rel=\"noreferrer noopener\">Aproape totul despre vacantele in Albena<\/a><\/li>\n\n\n\n<li><a href=\"https:\/\/travelplanner.ro\/blog\/vizita-la-aquapark-aquamania-albena-despre-cum-te-poti-distra-aici\/\" target=\"_blank\" rel=\"noreferrer noopener\">Vizita la AquaPark Aquamania Albena. Atractii, conditii de intrare, program si tarife<\/a><\/li>\n\n\n\n<li><a href=\"https:\/\/travelplanner.ro\/blog\/albena-are-prima-biblioteca-pe-plaja-din-europa\/\" target=\"_blank\" rel=\"noreferrer noopener\">Albena are prima biblioteca pe plaja din Europa<\/a><\/li>\n\n\n\n<li><a href=\"https:\/\/travelplanner.ro\/blog\/de-ce-imi-place-albena\/\" target=\"_blank\" rel=\"noreferrer noopener\">De ce \u00eemi place Albena? de Traian Badulescu<\/a><\/li>\n\n\n\n<li><a href=\"https:\/\/travelplanner.ro\/blog\/ultimul-hotel-din-albena-gergana-4-de-daniel-osmanovici\/\" target=\"_blank\" rel=\"noreferrer noopener\">Experienta mea la hotelul Gergana Albena \u2013 de Daniel Osmanovici<\/a><\/li>\n\n\n\n<li><a href=\"https:\/\/travelplanner.ro\/blog\/despre-plaja-albena-din-bulgaria\/\" target=\"_blank\" rel=\"noreferrer noopener\">Despre plaja Albena din Bulgaria. Facilitati, servicii si motivul pentru care este preferata familiilor cu copii<\/a><\/li>\n\n\n\n<li><a href=\"https:\/\/travelplanner.ro\/blog\/rezervatia-naturala-baltata-albena-bulgaria\/\" target=\"_blank\" rel=\"noreferrer noopener\">Rezervatia Naturala Baltata si ce trebuie sa stii despre oaza verde de liniste din inima statiunii Albena<\/a><\/li>\n\n\n\n<li><a href=\"https:\/\/travelplanner.ro\/blog\/despre-parcare-albena-bulgaria\/\" target=\"_blank\" rel=\"noreferrer noopener\">Parcare in Albena. Ce trebuie sa stii daca vii cu masina in aceasta statiune din Bulgaria<\/a><\/li>\n<\/ul>\n","protected":false},"excerpt":{"rendered":"<p>Marea este elementul \u00een jurul caruia se \u201e\u00eenv\u00e2rt\u201d vacantele de vara. Cu totul \u00eent\u00e2mplator am ajuns pe mult laudatul litoral bulgaresc si &#8230;<\/p>\n","protected":false},"author":3,"featured_media":3242,"comment_status":"closed","ping_status":"closed","sticky":false,"template":"","format":"standard","meta":{"_acf_changed":false,"footnotes":""},"categories":[9,2082,2341],"tags":[],"class_list":["post-423","post","type-post","status-publish","format-standard","has-post-thumbnail","hentry","category-vacanta-litoral-bulgaria","category-expieriente-de-vacanta","category-toate-articolele"],"acf":[],"yoast_head":"<!-- This site is optimized with the Yoast SEO Premium plugin v24.2 (Yoast SEO v24.2) - https:\/\/yoast.com\/wordpress\/plugins\/seo\/ -->\n<title>Experienta mea la hotelul Gergana Albena - de Daniel Osmanovici - Blog TravelPlanner.ro<\/title>\n<meta name=\"description\" content=\"O parte a hotelului Gergana din statiunea Albena este pozitionat spre mare, iar cealalta spre padure. Chiar pe l\u00e2nga hotel trece si un r\u00e2u\" \/>\n<meta name=\"robots\" content=\"index, follow, max-snippet:-1, max-image-preview:large, max-video-preview:-1\" \/>\n<link rel=\"canonical\" href=\"https:\/\/travelplanner.ro\/blog\/ultimul-hotel-din-albena-gergana-4-de-daniel-osmanovici\/\" \/>\n<meta property=\"og:locale\" content=\"en_US\" \/>\n<meta property=\"og:type\" content=\"article\" \/>\n<meta property=\"og:title\" content=\"Experienta mea la hotelul Gergana Albena - de Daniel Osmanovici\" \/>\n<meta property=\"og:description\" content=\"O parte a hotelului Gergana din statiunea Albena este pozitionat spre mare, iar cealalta spre padure. Chiar pe l\u00e2nga hotel trece si un r\u00e2u\" \/>\n<meta property=\"og:url\" content=\"https:\/\/travelplanner.ro\/blog\/ultimul-hotel-din-albena-gergana-4-de-daniel-osmanovici\/\" \/>\n<meta property=\"og:site_name\" content=\"Blog TravelPlanner.ro\" \/>\n<meta property=\"article:publisher\" content=\"https:\/\/www.facebook.com\/TravelPlanner.ro\" \/>\n<meta property=\"article:published_time\" content=\"2013-04-01T12:39:08+00:00\" \/>\n<meta property=\"article:modified_time\" content=\"2025-01-20T12:04:01+00:00\" \/>\n<meta property=\"og:image\" content=\"https:\/\/travelplanner.ro\/blog\/wp-content\/uploads\/2013\/04\/50343113.jpg\" \/>\n\t<meta property=\"og:image:width\" content=\"1280\" \/>\n\t<meta property=\"og:image:height\" content=\"853\" \/>\n\t<meta property=\"og:image:type\" content=\"image\/jpeg\" \/>\n<meta name=\"author\" content=\"Travel Planner\" \/>\n<meta name=\"twitter:card\" content=\"summary_large_image\" \/>\n<meta name=\"twitter:label1\" content=\"Written by\" \/>\n\t<meta name=\"twitter:data1\" content=\"Travel Planner\" \/>\n\t<meta name=\"twitter:label2\" content=\"Est. reading time\" \/>\n\t<meta name=\"twitter:data2\" content=\"3 minutes\" \/>\n<script type=\"application\/ld+json\" class=\"yoast-schema-graph\">{\"@context\":\"https:\/\/schema.org\",\"@graph\":[{\"@type\":\"Article\",\"@id\":\"https:\/\/travelplanner.ro\/blog\/ultimul-hotel-din-albena-gergana-4-de-daniel-osmanovici\/#article\",\"isPartOf\":{\"@id\":\"https:\/\/travelplanner.ro\/blog\/ultimul-hotel-din-albena-gergana-4-de-daniel-osmanovici\/\"},\"author\":{\"name\":\"Travel Planner\",\"@id\":\"https:\/\/travelplanner.ro\/blog\/#\/schema\/person\/eaff624157d41c7917b940e9eb888d0d\"},\"headline\":\"Experienta mea la hotelul Gergana Albena &#8211; de Daniel Osmanovici\",\"datePublished\":\"2013-04-01T12:39:08+00:00\",\"dateModified\":\"2025-01-20T12:04:01+00:00\",\"mainEntityOfPage\":{\"@id\":\"https:\/\/travelplanner.ro\/blog\/ultimul-hotel-din-albena-gergana-4-de-daniel-osmanovici\/\"},\"wordCount\":533,\"publisher\":{\"@id\":\"https:\/\/travelplanner.ro\/blog\/#organization\"},\"image\":{\"@id\":\"https:\/\/travelplanner.ro\/blog\/ultimul-hotel-din-albena-gergana-4-de-daniel-osmanovici\/#primaryimage\"},\"thumbnailUrl\":\"https:\/\/travelplanner.ro\/blog\/wp-content\/uploads\/2013\/04\/50343113.jpg\",\"articleSection\":[\"Bulgaria\",\"Experiente de vacanta\",\"Toate articolele\"],\"inLanguage\":\"en-US\"},{\"@type\":\"WebPage\",\"@id\":\"https:\/\/travelplanner.ro\/blog\/ultimul-hotel-din-albena-gergana-4-de-daniel-osmanovici\/\",\"url\":\"https:\/\/travelplanner.ro\/blog\/ultimul-hotel-din-albena-gergana-4-de-daniel-osmanovici\/\",\"name\":\"Experienta mea la hotelul Gergana Albena - de Daniel Osmanovici - Blog TravelPlanner.ro\",\"isPartOf\":{\"@id\":\"https:\/\/travelplanner.ro\/blog\/#website\"},\"primaryImageOfPage\":{\"@id\":\"https:\/\/travelplanner.ro\/blog\/ultimul-hotel-din-albena-gergana-4-de-daniel-osmanovici\/#primaryimage\"},\"image\":{\"@id\":\"https:\/\/travelplanner.ro\/blog\/ultimul-hotel-din-albena-gergana-4-de-daniel-osmanovici\/#primaryimage\"},\"thumbnailUrl\":\"https:\/\/travelplanner.ro\/blog\/wp-content\/uploads\/2013\/04\/50343113.jpg\",\"datePublished\":\"2013-04-01T12:39:08+00:00\",\"dateModified\":\"2025-01-20T12:04:01+00:00\",\"description\":\"O parte a hotelului Gergana din statiunea Albena este pozitionat spre mare, iar cealalta spre padure. Chiar pe l\u00e2nga hotel trece si un r\u00e2u\",\"breadcrumb\":{\"@id\":\"https:\/\/travelplanner.ro\/blog\/ultimul-hotel-din-albena-gergana-4-de-daniel-osmanovici\/#breadcrumb\"},\"inLanguage\":\"en-US\",\"potentialAction\":[{\"@type\":\"ReadAction\",\"target\":[\"https:\/\/travelplanner.ro\/blog\/ultimul-hotel-din-albena-gergana-4-de-daniel-osmanovici\/\"]}]},{\"@type\":\"ImageObject\",\"inLanguage\":\"en-US\",\"@id\":\"https:\/\/travelplanner.ro\/blog\/ultimul-hotel-din-albena-gergana-4-de-daniel-osmanovici\/#primaryimage\",\"url\":\"https:\/\/travelplanner.ro\/blog\/wp-content\/uploads\/2013\/04\/50343113.jpg\",\"contentUrl\":\"https:\/\/travelplanner.ro\/blog\/wp-content\/uploads\/2013\/04\/50343113.jpg\",\"width\":1280,\"height\":853,\"caption\":\"hotel gergana albena\"},{\"@type\":\"BreadcrumbList\",\"@id\":\"https:\/\/travelplanner.ro\/blog\/ultimul-hotel-din-albena-gergana-4-de-daniel-osmanovici\/#breadcrumb\",\"itemListElement\":[{\"@type\":\"ListItem\",\"position\":1,\"name\":\"TravelPlanner.ro\",\"item\":\"https:\/\/travelplanner.ro\/\"},{\"@type\":\"ListItem\",\"position\":2,\"name\":\"Blog\",\"item\":\"https:\/\/travelplanner.ro\/blog\/\"},{\"@type\":\"ListItem\",\"position\":3,\"name\":\"Bulgaria\",\"item\":\"https:\/\/travelplanner.ro\/blog\/vacanta-litoral-bulgaria\/\"},{\"@type\":\"ListItem\",\"position\":4,\"name\":\"Experienta mea la hotelul Gergana Albena &#8211; de Daniel Osmanovici\"}]},{\"@type\":\"WebSite\",\"@id\":\"https:\/\/travelplanner.ro\/blog\/#website\",\"url\":\"https:\/\/travelplanner.ro\/blog\/\",\"name\":\"Blog TravelPlanner.ro\",\"description\":\"We plan, you travel\",\"publisher\":{\"@id\":\"https:\/\/travelplanner.ro\/blog\/#organization\"},\"potentialAction\":[{\"@type\":\"SearchAction\",\"target\":{\"@type\":\"EntryPoint\",\"urlTemplate\":\"https:\/\/travelplanner.ro\/blog\/?s={search_term_string}\"},\"query-input\":{\"@type\":\"PropertyValueSpecification\",\"valueRequired\":true,\"valueName\":\"search_term_string\"}}],\"inLanguage\":\"en-US\"},{\"@type\":\"Organization\",\"@id\":\"https:\/\/travelplanner.ro\/blog\/#organization\",\"name\":\"Travel Planner\",\"url\":\"https:\/\/travelplanner.ro\/blog\/\",\"logo\":{\"@type\":\"ImageObject\",\"inLanguage\":\"en-US\",\"@id\":\"https:\/\/travelplanner.ro\/blog\/#\/schema\/logo\/image\/\",\"url\":\"https:\/\/travelplanner.ro\/blog\/wp-content\/uploads\/2019\/04\/logo.jpg\",\"contentUrl\":\"https:\/\/travelplanner.ro\/blog\/wp-content\/uploads\/2019\/04\/logo.jpg\",\"width\":483,\"height\":483,\"caption\":\"Travel Planner\"},\"image\":{\"@id\":\"https:\/\/travelplanner.ro\/blog\/#\/schema\/logo\/image\/\"},\"sameAs\":[\"https:\/\/www.facebook.com\/TravelPlanner.ro\",\"https:\/\/www.instagram.com\/travelplanner.ro\/\",\"https:\/\/www.linkedin.com\/company\/travel-planner\/\",\"https:\/\/www.youtube.com\/c\/TravelPlannerBucure\u0219ti\/\"]},{\"@type\":\"Person\",\"@id\":\"https:\/\/travelplanner.ro\/blog\/#\/schema\/person\/eaff624157d41c7917b940e9eb888d0d\",\"name\":\"Travel Planner\",\"image\":{\"@type\":\"ImageObject\",\"inLanguage\":\"en-US\",\"@id\":\"https:\/\/travelplanner.ro\/blog\/#\/schema\/person\/image\/\",\"url\":\"https:\/\/secure.gravatar.com\/avatar\/db1a42557a29d563969d1361efd8c0d9?s=96&d=mm&r=g\",\"contentUrl\":\"https:\/\/secure.gravatar.com\/avatar\/db1a42557a29d563969d1361efd8c0d9?s=96&d=mm&r=g\",\"caption\":\"Travel Planner\"},\"url\":\"https:\/\/travelplanner.ro\/blog\/author\/traian-b\/\"}]}<\/script>\n<!-- \/ Yoast SEO Premium plugin. -->","yoast_head_json":{"title":"Experienta mea la hotelul Gergana Albena - de Daniel Osmanovici - Blog TravelPlanner.ro","description":"O parte a hotelului Gergana din statiunea Albena este pozitionat spre mare, iar cealalta spre padure. Chiar pe l\u00e2nga hotel trece si un r\u00e2u","robots":{"index":"index","follow":"follow","max-snippet":"max-snippet:-1","max-image-preview":"max-image-preview:large","max-video-preview":"max-video-preview:-1"},"canonical":"https:\/\/travelplanner.ro\/blog\/ultimul-hotel-din-albena-gergana-4-de-daniel-osmanovici\/","og_locale":"en_US","og_type":"article","og_title":"Experienta mea la hotelul Gergana Albena - de Daniel Osmanovici","og_description":"O parte a hotelului Gergana din statiunea Albena este pozitionat spre mare, iar cealalta spre padure. Chiar pe l\u00e2nga hotel trece si un r\u00e2u","og_url":"https:\/\/travelplanner.ro\/blog\/ultimul-hotel-din-albena-gergana-4-de-daniel-osmanovici\/","og_site_name":"Blog TravelPlanner.ro","article_publisher":"https:\/\/www.facebook.com\/TravelPlanner.ro","article_published_time":"2013-04-01T12:39:08+00:00","article_modified_time":"2025-01-20T12:04:01+00:00","og_image":[{"width":1280,"height":853,"url":"https:\/\/travelplanner.ro\/blog\/wp-content\/uploads\/2013\/04\/50343113.jpg","type":"image\/jpeg"}],"author":"Travel Planner","twitter_card":"summary_large_image","twitter_misc":{"Written by":"Travel Planner","Est. reading time":"3 minutes"},"schema":{"@context":"https:\/\/schema.org","@graph":[{"@type":"Article","@id":"https:\/\/travelplanner.ro\/blog\/ultimul-hotel-din-albena-gergana-4-de-daniel-osmanovici\/#article","isPartOf":{"@id":"https:\/\/travelplanner.ro\/blog\/ultimul-hotel-din-albena-gergana-4-de-daniel-osmanovici\/"},"author":{"name":"Travel Planner","@id":"https:\/\/travelplanner.ro\/blog\/#\/schema\/person\/eaff624157d41c7917b940e9eb888d0d"},"headline":"Experienta mea la hotelul Gergana Albena &#8211; de Daniel Osmanovici","datePublished":"2013-04-01T12:39:08+00:00","dateModified":"2025-01-20T12:04:01+00:00","mainEntityOfPage":{"@id":"https:\/\/travelplanner.ro\/blog\/ultimul-hotel-din-albena-gergana-4-de-daniel-osmanovici\/"},"wordCount":533,"publisher":{"@id":"https:\/\/travelplanner.ro\/blog\/#organization"},"image":{"@id":"https:\/\/travelplanner.ro\/blog\/ultimul-hotel-din-albena-gergana-4-de-daniel-osmanovici\/#primaryimage"},"thumbnailUrl":"https:\/\/travelplanner.ro\/blog\/wp-content\/uploads\/2013\/04\/50343113.jpg","articleSection":["Bulgaria","Experiente de vacanta","Toate articolele"],"inLanguage":"en-US"},{"@type":"WebPage","@id":"https:\/\/travelplanner.ro\/blog\/ultimul-hotel-din-albena-gergana-4-de-daniel-osmanovici\/","url":"https:\/\/travelplanner.ro\/blog\/ultimul-hotel-din-albena-gergana-4-de-daniel-osmanovici\/","name":"Experienta mea la hotelul Gergana Albena - de Daniel Osmanovici - Blog TravelPlanner.ro","isPartOf":{"@id":"https:\/\/travelplanner.ro\/blog\/#website"},"primaryImageOfPage":{"@id":"https:\/\/travelplanner.ro\/blog\/ultimul-hotel-din-albena-gergana-4-de-daniel-osmanovici\/#primaryimage"},"image":{"@id":"https:\/\/travelplanner.ro\/blog\/ultimul-hotel-din-albena-gergana-4-de-daniel-osmanovici\/#primaryimage"},"thumbnailUrl":"https:\/\/travelplanner.ro\/blog\/wp-content\/uploads\/2013\/04\/50343113.jpg","datePublished":"2013-04-01T12:39:08+00:00","dateModified":"2025-01-20T12:04:01+00:00","description":"O parte a hotelului Gergana din statiunea Albena este pozitionat spre mare, iar cealalta spre padure. Chiar pe l\u00e2nga hotel trece si un r\u00e2u","breadcrumb":{"@id":"https:\/\/travelplanner.ro\/blog\/ultimul-hotel-din-albena-gergana-4-de-daniel-osmanovici\/#breadcrumb"},"inLanguage":"en-US","potentialAction":[{"@type":"ReadAction","target":["https:\/\/travelplanner.ro\/blog\/ultimul-hotel-din-albena-gergana-4-de-daniel-osmanovici\/"]}]},{"@type":"ImageObject","inLanguage":"en-US","@id":"https:\/\/travelplanner.ro\/blog\/ultimul-hotel-din-albena-gergana-4-de-daniel-osmanovici\/#primaryimage","url":"https:\/\/travelplanner.ro\/blog\/wp-content\/uploads\/2013\/04\/50343113.jpg","contentUrl":"https:\/\/travelplanner.ro\/blog\/wp-content\/uploads\/2013\/04\/50343113.jpg","width":1280,"height":853,"caption":"hotel gergana albena"},{"@type":"BreadcrumbList","@id":"https:\/\/travelplanner.ro\/blog\/ultimul-hotel-din-albena-gergana-4-de-daniel-osmanovici\/#breadcrumb","itemListElement":[{"@type":"ListItem","position":1,"name":"TravelPlanner.ro","item":"https:\/\/travelplanner.ro\/"},{"@type":"ListItem","position":2,"name":"Blog","item":"https:\/\/travelplanner.ro\/blog\/"},{"@type":"ListItem","position":3,"name":"Bulgaria","item":"https:\/\/travelplanner.ro\/blog\/vacanta-litoral-bulgaria\/"},{"@type":"ListItem","position":4,"name":"Experienta mea la hotelul Gergana Albena &#8211; de Daniel Osmanovici"}]},{"@type":"WebSite","@id":"https:\/\/travelplanner.ro\/blog\/#website","url":"https:\/\/travelplanner.ro\/blog\/","name":"Blog TravelPlanner.ro","description":"We plan, you travel","publisher":{"@id":"https:\/\/travelplanner.ro\/blog\/#organization"},"potentialAction":[{"@type":"SearchAction","target":{"@type":"EntryPoint","urlTemplate":"https:\/\/travelplanner.ro\/blog\/?s={search_term_string}"},"query-input":{"@type":"PropertyValueSpecification","valueRequired":true,"valueName":"search_term_string"}}],"inLanguage":"en-US"},{"@type":"Organization","@id":"https:\/\/travelplanner.ro\/blog\/#organization","name":"Travel Planner","url":"https:\/\/travelplanner.ro\/blog\/","logo":{"@type":"ImageObject","inLanguage":"en-US","@id":"https:\/\/travelplanner.ro\/blog\/#\/schema\/logo\/image\/","url":"https:\/\/travelplanner.ro\/blog\/wp-content\/uploads\/2019\/04\/logo.jpg","contentUrl":"https:\/\/travelplanner.ro\/blog\/wp-content\/uploads\/2019\/04\/logo.jpg","width":483,"height":483,"caption":"Travel Planner"},"image":{"@id":"https:\/\/travelplanner.ro\/blog\/#\/schema\/logo\/image\/"},"sameAs":["https:\/\/www.facebook.com\/TravelPlanner.ro","https:\/\/www.instagram.com\/travelplanner.ro\/","https:\/\/www.linkedin.com\/company\/travel-planner\/","https:\/\/www.youtube.com\/c\/TravelPlannerBucure\u0219ti\/"]},{"@type":"Person","@id":"https:\/\/travelplanner.ro\/blog\/#\/schema\/person\/eaff624157d41c7917b940e9eb888d0d","name":"Travel Planner","image":{"@type":"ImageObject","inLanguage":"en-US","@id":"https:\/\/travelplanner.ro\/blog\/#\/schema\/person\/image\/","url":"https:\/\/secure.gravatar.com\/avatar\/db1a42557a29d563969d1361efd8c0d9?s=96&d=mm&r=g","contentUrl":"https:\/\/secure.gravatar.com\/avatar\/db1a42557a29d563969d1361efd8c0d9?s=96&d=mm&r=g","caption":"Travel Planner"},"url":"https:\/\/travelplanner.ro\/blog\/author\/traian-b\/"}]}},"_links":{"self":[{"href":"https:\/\/travelplanner.ro\/blog\/wp-json\/wp\/v2\/posts\/423","targetHints":{"allow":["GET"]}}],"collection":[{"href":"https:\/\/travelplanner.ro\/blog\/wp-json\/wp\/v2\/posts"}],"about":[{"href":"https:\/\/travelplanner.ro\/blog\/wp-json\/wp\/v2\/types\/post"}],"author":[{"embeddable":true,"href":"https:\/\/travelplanner.ro\/blog\/wp-json\/wp\/v2\/users\/3"}],"replies":[{"embeddable":true,"href":"https:\/\/travelplanner.ro\/blog\/wp-json\/wp\/v2\/comments?post=423"}],"version-history":[{"count":18,"href":"https:\/\/travelplanner.ro\/blog\/wp-json\/wp\/v2\/posts\/423\/revisions"}],"predecessor-version":[{"id":25368,"href":"https:\/\/travelplanner.ro\/blog\/wp-json\/wp\/v2\/posts\/423\/revisions\/25368"}],"wp:featuredmedia":[{"embeddable":true,"href":"https:\/\/travelplanner.ro\/blog\/wp-json\/wp\/v2\/media\/3242"}],"wp:attachment":[{"href":"https:\/\/travelplanner.ro\/blog\/wp-json\/wp\/v2\/media?parent=423"}],"wp:term":[{"taxonomy":"category","embeddable":true,"href":"https:\/\/travelplanner.ro\/blog\/wp-json\/wp\/v2\/categories?post=423"},{"taxonomy":"post_tag","embeddable":true,"href":"https:\/\/travelplanner.ro\/blog\/wp-json\/wp\/v2\/tags?post=423"}],"curies":[{"name":"wp","href":"https:\/\/api.w.org\/{rel}","templated":true}]}}